{"id":322912,"date":"2025-06-11T10:16:38","date_gmt":"2025-06-11T07:16:38","guid":{"rendered":"https:\/\/sana.sy\/tr\/?p=322912"},"modified":"2025-06-11T10:16:38","modified_gmt":"2025-06-11T07:16:38","slug":"enformasyon-bakani-gecis-donemi-adaleti-istikrar-ve-ic-baris-yollari-paralel-yolda-ilerliyor","status":"publish","type":"post","link":"https:\/\/archive.sana.sy\/tr\/?p=322912","title":{"rendered":"Enformasyon Bakan\u0131: Ge\u00e7i\u015f D\u00f6nemi Adaleti, \u0130stikrar ve \u0130\u00e7 Bar\u0131\u015f Yollar\u0131 Paralel Yolda \u0130lerliyor"},"content":{"rendered":"<p style=\"text-align: justify;\"><strong>\u015eAM (SANA) &#8211;<\/strong> Enformasyon Bakan\u0131 Dr. Hamza El Mustafa, yeni Suriye&#8217;de iki paralel yol oldu\u011funu, bunlar\u0131n ge\u00e7i\u015f d\u00f6nemi adaleti ve istikrar ve i\u00e7 bar\u0131\u015f oldu\u011funu do\u011frulayarak, Suriye devletinin bu konuda kararl\u0131 oldu\u011funu ve ge\u00e7i\u015f d\u00f6nemi adaleti s\u00fcrecinin yak\u0131nda planlar\u0131n\u0131, i\u00e7 y\u00f6netmeliklerini ve bir sonraki a\u015fama i\u00e7in bir yol haritas\u0131n\u0131 a\u00e7\u0131klayacak ulusal bir organ\u0131n olu\u015fturulmas\u0131yla ba\u015flad\u0131\u011f\u0131n\u0131 vurgulad\u0131.<\/p>\n<p style=\"text-align: justify;\">Bakan El Mustafa bug\u00fcn Suriye TV&#8217;ye verdi\u011fi r\u00f6portajda \u015funlar\u0131 s\u00f6yledi: &#8221;Suriyelilerin t\u00fcm endi\u015feleri dikkate al\u0131nmal\u0131. \u00d6fke bile me\u015frudur, \u00e7\u00fcnk\u00fc bu bir haf\u0131za meselesidir ve unutulamaz. Yeni Suriye devleti bu konunun hassasiyetinin, uzun yolun ve Suriyelilerin son 14 y\u0131lda \u00f6zg\u00fcrl\u00fcklerine kavu\u015fmak i\u00e7in \u00f6dedikleri a\u011f\u0131r bedelin tamamen fark\u0131ndad\u0131r.&#8221;<\/p>\n<p style=\"text-align: justify;\">Enformasyon Bakan\u0131 ayr\u0131ca \u015funlar\u0131 ekledi: &#8221;Devletin ba\u015f\u0131ndan beri ald\u0131\u011f\u0131 bir dizi \u00f6nlem var, en \u00f6nemlisi de yetki ve ba\u011f\u0131ms\u0131zl\u0131\u011fa sahip Ulusal Ge\u00e7i\u015f Adaleti Komisyonu&#8217;nun kurulmas\u0131. B\u00f6ylece ge\u00e7i\u015f adaleti s\u00fcreci ba\u015flad\u0131. Komisyonun \u00f6nerilerini netle\u015ftirmesini ve kamuoyuna \u00e7ok yak\u0131nda bir yol haritas\u0131 sunmas\u0131n\u0131 bekliyoruz. Sivil Bar\u0131\u015f Y\u00fcksek Komitesi&#8217;nin bug\u00fcn d\u00fczenledi\u011fi bas\u0131n toplant\u0131s\u0131, bir grup memurun serbest b\u0131rak\u0131lmas\u0131yla ilgili olarak al\u0131nan son \u00f6nlemlerden baz\u0131lar\u0131na ili\u015fkin bak\u0131\u015f a\u00e7\u0131s\u0131n\u0131 yans\u0131tma giri\u015fimidir.&#8221;<\/p>\n<p style=\"text-align: justify;\">Bakan El Mustafa a\u00e7\u0131klamas\u0131nda, &#8221;Suriye devletinin kar\u015f\u0131 kar\u015f\u0131ya oldu\u011fu \u00e7ok say\u0131da zorluk var, bunlar sadece ekonomi, ge\u00e7im kaynaklar\u0131, yeniden yap\u0131lanma ve kalk\u0131nman\u0131n h\u0131zland\u0131r\u0131lmas\u0131yla ilgili de\u011fil, ayn\u0131 zamanda Suriye&#8217;nin birli\u011fi ve sa\u011flamla\u015ft\u0131r\u0131lmas\u0131yla da ilgili. Ge\u00e7i\u015f a\u015famas\u0131 ba\u015flad\u0131, ancak krizden kaynaklanan \u00e7ok say\u0131da b\u00f6l\u00fcnme ve co\u011frafi konumun varl\u0131\u011f\u0131yla kendini g\u00f6steren zorlu bir miras var. Bu nedenle, bu g\u00f6revlileri serbest b\u0131rakma giri\u015fimi \u00f6nleyici bir \u00e7abad\u0131r. D\u0131\u015f taraflar\u0131n bir t\u00fcr istikrars\u0131zl\u0131k yaratmaya veya \u015fikayetler ve anlat\u0131lar kisvesi alt\u0131nda bir dizi \u00f6nlem almaya \u00e7al\u0131\u015ft\u0131\u011f\u0131n\u0131n fark\u0131nday\u0131z&#8221; ifadelerini s\u00f6zlerine ekledi.<\/p>\n<p style=\"text-align: justify;\">&#8221;Y\u0131llarca s\u00fcren toplumsal b\u00f6l\u00fcnmelerden sonra ge\u00e7i\u015f a\u015famas\u0131n\u0131n do\u011fas\u0131ndan kaynaklanan yank\u0131lar var. Devrik rejim, toplumsal ve mezhepsel b\u00f6l\u00fcnmeleri yaln\u0131zca devrim y\u0131llar\u0131nda de\u011fil, ony\u0131llar boyunca bir d\u0131\u015flama stratejisi olarak kulland\u0131. Tiranl\u0131\u011f\u0131n \u00f6rt\u00fcs\u00fc kalkt\u0131\u011f\u0131nda, toplum en iyi yan\u0131n\u0131 ortaya koyuyor. Suriyelilerin birli\u011fini ve sorunsuz bir ge\u00e7i\u015fin olumlu y\u00f6nlerini g\u00f6rd\u00fck. Tiranl\u0131\u011f\u0131n \u00f6rt\u00fcs\u00fcn\u00fcn kalkmas\u0131yla ortaya \u00e7\u0131kan baz\u0131 toplumsal canlanmalar\u0131, sorunlar\u0131 ve yan meseleleri de g\u00f6zlemledik&#8221; diyen Enformasyon Bakan\u0131, &#8221; Sivil bar\u0131\u015f konusu \u00e7e\u015fitli kurumlar taraf\u0131ndan ele al\u0131n\u0131yor ve her bakanl\u0131k bu konuda kendi rol\u00fcn\u00fc oynuyor. Enformasyon Bakanl\u0131\u011f\u0131 her zaman haklar ve g\u00f6revler konusunda e\u015fit vatanda\u015fl\u0131k kavram\u0131na, kapsaml\u0131 bir ulusal s\u00f6yleme, nefret s\u00f6ylemi ve b\u00f6l\u00fcnmenin reddedilmesine ve yanl\u0131\u015f bilgi ve yanl\u0131\u015f bilgilendirmeye kar\u015f\u0131 koyma \u00e7abalar\u0131na odaklanmaya \u00e7al\u0131\u015f\u0131yor&#8221; ifadelerini kulland\u0131.<\/p>\n<p style=\"text-align: justify;\">Enformasyon Bakan\u0131 \u015funlar\u0131 da kaydetti: &#8221;Yeni Suriye&#8217;de iki paralel yol kurmaya \u00e7al\u0131\u015f\u0131yoruz: Ge\u00e7i\u015f adaleti yolu ve istikrar yolu ve t\u00fcm siyasi sorunlar\u0131 bar\u0131\u015f\u00e7\u0131l yollarla \u00e7\u00f6zme yolu. Suriye halk\u0131 \u00f6zg\u00fcrl\u00fck, istikrar ve yarat\u0131c\u0131l\u0131klar\u0131n\u0131n yeniden kazan\u0131lmas\u0131 i\u00e7in can at\u0131yor. Haf\u0131zan\u0131n, i\u00e7 \u00e7eki\u015flerin ve kanayan yaran\u0131n yeni Suriye ulusal kimli\u011fini keskinle\u015ftirdi\u011finin ve ba\u015far\u0131lar\u0131n korunmas\u0131n\u0131 sa\u011flad\u0131\u011f\u0131n\u0131n derinden fark\u0131ndalar.&#8221;<\/p>\n","protected":false},"excerpt":{"rendered":"<p>\u015eAM (SANA) &#8211; Enformasyon Bakan\u0131 Dr. Hamza El Mustafa, yeni Suriye&#8217;de iki paralel yol oldu\u011funu, bunlar\u0131n ge\u00e7i\u015f d\u00f6nemi adaleti ve istikrar ve i\u00e7 bar\u0131\u015f oldu\u011funu do\u011frulayarak, Suriye devletinin bu konuda kararl\u0131 oldu\u011funu ve ge\u00e7i\u015f d\u00f6nemi adaleti s\u00fcrecinin yak\u0131nda planlar\u0131n\u0131, i\u00e7 y\u00f6netmeliklerini ve bir sonraki a\u015fama i\u00e7in bir yol haritas\u0131n\u0131 a\u00e7\u0131klayacak ulusal bir organ\u0131n olu\u015fturulmas\u0131yla ba\u015flad\u0131\u011f\u0131n\u0131 &hellip;<\/p>\n","protected":false},"author":39,"featured_media":322913,"comment_status":"closed","ping_status":"closed","sticky":false,"template":"","format":"standard","meta":{"footnotes":""},"categories":[589,479,17988,478],"tags":[],"class_list":["post-322912","post","type-post","status-publish","format-standard","has-post-thumbnail","","category-haber-seridi","category-haberler-yerel","category-son-haberler","category-yerel"],"_links":{"self":[{"href":"https:\/\/archive.sana.sy\/tr\/index.php?rest_route=\/wp\/v2\/posts\/322912","targetHints":{"allow":["GET"]}}],"collection":[{"href":"https:\/\/archive.sana.sy\/tr\/index.php?rest_route=\/wp\/v2\/posts"}],"about":[{"href":"https:\/\/archive.sana.sy\/tr\/index.php?rest_route=\/wp\/v2\/types\/post"}],"author":[{"embeddable":true,"href":"https:\/\/archive.sana.sy\/tr\/index.php?rest_route=\/wp\/v2\/users\/39"}],"replies":[{"embeddable":true,"href":"https:\/\/archive.sana.sy\/tr\/index.php?rest_route=%2Fwp%2Fv2%2Fcomments&post=322912"}],"version-history":[{"count":1,"href":"https:\/\/archive.sana.sy\/tr\/index.php?rest_route=\/wp\/v2\/posts\/322912\/revisions"}],"predecessor-version":[{"id":322914,"href":"https:\/\/archive.sana.sy\/tr\/index.php?rest_route=\/wp\/v2\/posts\/322912\/revisions\/322914"}],"wp:featuredmedia":[{"embeddable":true,"href":"https:\/\/archive.sana.sy\/tr\/index.php?rest_route=\/wp\/v2\/media\/322913"}],"wp:attachment":[{"href":"https:\/\/archive.sana.sy\/tr\/index.php?rest_route=%2Fwp%2Fv2%2Fmedia&parent=322912"}],"wp:term":[{"taxonomy":"category","embeddable":true,"href":"https:\/\/archive.sana.sy\/tr\/index.php?rest_route=%2Fwp%2Fv2%2Fcategories&post=322912"},{"taxonomy":"post_tag","embeddable":true,"href":"https:\/\/archive.sana.sy\/tr\/index.php?rest_route=%2Fwp%2Fv2%2Ftags&post=322912"}],"curies":[{"name":"wp","href":"https:\/\/api.w.org\/{rel}","templated":true}]}}