{"id":322915,"date":"2025-06-11T08:23:26","date_gmt":"2025-06-11T05:23:26","guid":{"rendered":"https:\/\/sana.sy\/tr\/?p=322915"},"modified":"2025-06-11T10:23:43","modified_gmt":"2025-06-11T07:23:43","slug":"savunma-bakani-cek-ordusu-ve-hava-ataseleriyle-isbirliginin-artirilmasi-konusunu-gorustu","status":"publish","type":"post","link":"https:\/\/archive.sana.sy\/tr\/?p=322915","title":{"rendered":"Savunma Bakan\u0131, \u00c7ek Ordusu Ve Hava Ata\u015feleriyle \u0130\u015fbirli\u011finin Art\u0131r\u0131lmas\u0131 Konusunu G\u00f6r\u00fc\u015ft\u00fc"},"content":{"rendered":"<p style=\"text-align: justify;\"><strong>\u015eAM (SANA) &#8211;\u00a0 <\/strong>Savunma Bakan\u0131 T\u00fcmgeneral Murhaf Ebu Kasra, \u015eam&#8217;da \u00c7ek askeri ve hava ata\u015fesi Yarbay Stanislav Vacek ile bir araya geldi.<\/p>\n<p style=\"text-align: justify;\">G\u00f6r\u00fc\u015fmede, iki taraf ortak \u00e7\u0131karlara ula\u015fmak i\u00e7in askeri i\u015f birli\u011fini art\u0131rman\u0131n ve iki \u00fclke aras\u0131nda ileti\u015fim mekanizmalar\u0131 geli\u015ftirmenin yollar\u0131n\u0131 g\u00f6r\u00fc\u015ft\u00fc.<\/p>\n<p style=\"text-align: justify;\">Savunma Bakanl\u0131\u011f\u0131&#8217;n\u0131n Telegram kanal\u0131ndan bildirdi\u011fine g\u00f6re, g\u00f6r\u00fc\u015fme, ikili ili\u015fkilerin g\u00fc\u00e7lendirilmesi ve savunma alanlar\u0131nda uzmanl\u0131k al\u0131\u015fveri\u015finde bulunulmas\u0131 \u00e7er\u00e7evesinde ger\u00e7ekle\u015fti.<\/p>\n","protected":false},"excerpt":{"rendered":"<p>\u015eAM (SANA) &#8211;\u00a0 Savunma Bakan\u0131 T\u00fcmgeneral Murhaf Ebu Kasra, \u015eam&#8217;da \u00c7ek askeri ve hava ata\u015fesi Yarbay Stanislav Vacek ile bir araya geldi. G\u00f6r\u00fc\u015fmede, iki taraf ortak \u00e7\u0131karlara ula\u015fmak i\u00e7in askeri i\u015f birli\u011fini art\u0131rman\u0131n ve iki \u00fclke aras\u0131nda ileti\u015fim mekanizmalar\u0131 geli\u015ftirmenin yollar\u0131n\u0131 g\u00f6r\u00fc\u015ft\u00fc. Savunma Bakanl\u0131\u011f\u0131&#8217;n\u0131n Telegram kanal\u0131ndan bildirdi\u011fine g\u00f6re, g\u00f6r\u00fc\u015fme, ikili ili\u015fkilerin g\u00fc\u00e7lendirilmesi ve savunma alanlar\u0131nda &hellip;<\/p>\n","protected":false},"author":39,"featured_media":322916,"comment_status":"closed","ping_status":"closed","sticky":false,"template":"","format":"standard","meta":{"footnotes":""},"categories":[589,479,17988,478],"tags":[],"class_list":["post-322915","post","type-post","status-publish","format-standard","has-post-thumbnail","","category-haber-seridi","category-haberler-yerel","category-son-haberler","category-yerel"],"_links":{"self":[{"href":"https:\/\/archive.sana.sy\/tr\/index.php?rest_route=\/wp\/v2\/posts\/322915","targetHints":{"allow":["GET"]}}],"collection":[{"href":"https:\/\/archive.sana.sy\/tr\/index.php?rest_route=\/wp\/v2\/posts"}],"about":[{"href":"https:\/\/archive.sana.sy\/tr\/index.php?rest_route=\/wp\/v2\/types\/post"}],"author":[{"embeddable":true,"href":"https:\/\/archive.sana.sy\/tr\/index.php?rest_route=\/wp\/v2\/users\/39"}],"replies":[{"embeddable":true,"href":"https:\/\/archive.sana.sy\/tr\/index.php?rest_route=%2Fwp%2Fv2%2Fcomments&post=322915"}],"version-history":[{"count":1,"href":"https:\/\/archive.sana.sy\/tr\/index.php?rest_route=\/wp\/v2\/posts\/322915\/revisions"}],"predecessor-version":[{"id":322917,"href":"https:\/\/archive.sana.sy\/tr\/index.php?rest_route=\/wp\/v2\/posts\/322915\/revisions\/322917"}],"wp:featuredmedia":[{"embeddable":true,"href":"https:\/\/archive.sana.sy\/tr\/index.php?rest_route=\/wp\/v2\/media\/322916"}],"wp:attachment":[{"href":"https:\/\/archive.sana.sy\/tr\/index.php?rest_route=%2Fwp%2Fv2%2Fmedia&parent=322915"}],"wp:term":[{"taxonomy":"category","embeddable":true,"href":"https:\/\/archive.sana.sy\/tr\/index.php?rest_route=%2Fwp%2Fv2%2Fcategories&post=322915"},{"taxonomy":"post_tag","embeddable":true,"href":"https:\/\/archive.sana.sy\/tr\/index.php?rest_route=%2Fwp%2Fv2%2Ftags&post=322915"}],"curies":[{"name":"wp","href":"https:\/\/api.w.org\/{rel}","templated":true}]}}