{"id":32293,"date":"2015-05-06T16:38:35","date_gmt":"2015-05-06T13:38:35","guid":{"rendered":"http:\/\/sana.sy\/tr\/?p=32293"},"modified":"2015-05-06T16:38:35","modified_gmt":"2015-05-06T13:38:35","slug":"sehitler-gununde-heyetler-anitkabiri-ziyaret-etti","status":"publish","type":"post","link":"https:\/\/archive.sana.sy\/tr\/?p=32293","title":{"rendered":"\u015eehitler G\u00fcn\u00fcnde Heyetler An\u0131tkabiri Ziyaret Etti"},"content":{"rendered":"<p>LAZK\u0130YE \u2013 6 May\u0131s \u015eehitler g\u00fcn\u00fc m\u00fcnasebetiyle resmi ve halk heyetleri bug\u00fcn Lazkiye k\u0131rsal\u0131 K\u0131rdaha Kentinde \u00f6l\u00fcms\u00fcz lider Haf\u0131z el Esad\u2019\u0131n an\u0131tkabirini ziyaret etti.<\/p>\n<p>An\u0131tkabire \u00e7elenkler koyan heyetler b\u00fcy\u00fck liderin ruhuna Fatiha okudu.<\/p>\n<p>Heyetler Suriye&#8217;nin; gerici Bat\u0131l\u0131 kincilerin yan\u0131 s\u0131ra Arap ve Osmanl\u0131\/Erdo\u011fanc\u0131 edatlar arac\u0131l\u0131\u011f\u0131 ile maruz kald\u0131\u011f\u0131 zalim evrensel ter\u00f6r sava\u015f\u0131 g\u00f6lgesinde \u015eehitler G\u00fcn\u00fcn\u00fcn b\u00fcy\u00fck bir \u00f6nem ve farkl\u0131 bir anlam ta\u015f\u0131d\u0131\u011f\u0131na dikkat \u00e7ekti.<\/p>\n<div id='gallery-1' class='gallery galleryid-32293 gallery-columns-2 gallery-size-medium'><figure class='gallery-item'>\n\t\t\t<div class='gallery-icon landscape'>\n\t\t\t\t<a href='https:\/\/archive.sana.sy\/tr\/wp-content\/uploads\/2015\/05\/An\u0131t-kabir.JPG-1.jpg'><img loading=\"lazy\" decoding=\"async\" width=\"300\" height=\"200\" src=\"https:\/\/archive.sana.sy\/tr\/wp-content\/uploads\/2015\/05\/An\u0131t-kabir.JPG-1-300x200.jpg\" class=\"attachment-medium size-medium\" alt=\"\" srcset=\"https:\/\/archive.sana.sy\/tr\/wp-content\/uploads\/2015\/05\/An\u0131t-kabir.JPG-1-300x200.jpg 300w, https:\/\/archive.sana.sy\/tr\/wp-content\/uploads\/2015\/05\/An\u0131t-kabir.JPG-1-150x100.jpg 150w, https:\/\/archive.sana.sy\/tr\/wp-content\/uploads\/2015\/05\/An\u0131t-kabir.JPG-1-1024x682.jpg 1024w, https:\/\/archive.sana.sy\/tr\/wp-content\/uploads\/2015\/05\/An\u0131t-kabir.JPG-1.jpg 1772w\" sizes=\"auto, (max-width: 300px) 100vw, 300px\" \/><\/a>\n\t\t\t<\/div><\/figure><figure class='gallery-item'>\n\t\t\t<div class='gallery-icon landscape'>\n\t\t\t\t<a href='https:\/\/archive.sana.sy\/tr\/wp-content\/uploads\/2015\/05\/An\u0131t-kabir.jpg'><img loading=\"lazy\" decoding=\"async\" width=\"300\" height=\"200\" src=\"https:\/\/archive.sana.sy\/tr\/wp-content\/uploads\/2015\/05\/An\u0131t-kabir-300x200.jpg\" class=\"attachment-medium size-medium\" alt=\"\" srcset=\"https:\/\/archive.sana.sy\/tr\/wp-content\/uploads\/2015\/05\/An\u0131t-kabir-300x200.jpg 300w, https:\/\/archive.sana.sy\/tr\/wp-content\/uploads\/2015\/05\/An\u0131t-kabir-150x100.jpg 150w, https:\/\/archive.sana.sy\/tr\/wp-content\/uploads\/2015\/05\/An\u0131t-kabir-1024x682.jpg 1024w, https:\/\/archive.sana.sy\/tr\/wp-content\/uploads\/2015\/05\/An\u0131t-kabir.jpg 1772w\" sizes=\"auto, (max-width: 300px) 100vw, 300px\" \/><\/a>\n\t\t\t<\/div><\/figure>\n\t\t<\/div>\n\n<p>A.A. &#8211; M.M.<\/p>\n","protected":false},"excerpt":{"rendered":"<p>LAZK\u0130YE \u2013 6 May\u0131s \u015eehitler g\u00fcn\u00fc m\u00fcnasebetiyle resmi ve halk heyetleri bug\u00fcn Lazkiye k\u0131rsal\u0131 K\u0131rdaha Kentinde \u00f6l\u00fcms\u00fcz lider Haf\u0131z el Esad\u2019\u0131n an\u0131tkabirini ziyaret etti. An\u0131tkabire \u00e7elenkler koyan heyetler b\u00fcy\u00fck liderin ruhuna Fatiha okudu. Heyetler Suriye&#8217;nin; gerici Bat\u0131l\u0131 kincilerin yan\u0131 s\u0131ra Arap ve Osmanl\u0131\/Erdo\u011fanc\u0131 edatlar arac\u0131l\u0131\u011f\u0131 ile maruz kald\u0131\u011f\u0131 zalim evrensel ter\u00f6r sava\u015f\u0131 g\u00f6lgesinde \u015eehitler G\u00fcn\u00fcn\u00fcn &hellip;<\/p>\n","protected":false},"author":1,"featured_media":32305,"comment_status":"closed","ping_status":"closed","sticky":false,"template":"","format":"standard","meta":{"footnotes":""},"categories":[479,478],"tags":[14341,14340],"class_list":["post-32293","post","type-post","status-publish","format-standard","has-post-thumbnail","","category-haberler-yerel","category-yerel","tag-lazkiye-6-mayis-sehitler-gunu-munasebetiyle-resmi-ve-halk-heyetleri-bugun-lazkiye-kirsali-kirdaha-kentinde-olumsuz-lider-hafiz-el-esadin-anitkabirini-ziyaret-etti","tag-sehitler-gununde-heyetler-anitkabiri-ziyaret-etti"],"_links":{"self":[{"href":"https:\/\/archive.sana.sy\/tr\/index.php?rest_route=\/wp\/v2\/posts\/32293","targetHints":{"allow":["GET"]}}],"collection":[{"href":"https:\/\/archive.sana.sy\/tr\/index.php?rest_route=\/wp\/v2\/posts"}],"about":[{"href":"https:\/\/archive.sana.sy\/tr\/index.php?rest_route=\/wp\/v2\/types\/post"}],"author":[{"embeddable":true,"href":"https:\/\/archive.sana.sy\/tr\/index.php?rest_route=\/wp\/v2\/users\/1"}],"replies":[{"embeddable":true,"href":"https:\/\/archive.sana.sy\/tr\/index.php?rest_route=%2Fwp%2Fv2%2Fcomments&post=32293"}],"version-history":[{"count":0,"href":"https:\/\/archive.sana.sy\/tr\/index.php?rest_route=\/wp\/v2\/posts\/32293\/revisions"}],"wp:featuredmedia":[{"embeddable":true,"href":"https:\/\/archive.sana.sy\/tr\/index.php?rest_route=\/wp\/v2\/media\/32305"}],"wp:attachment":[{"href":"https:\/\/archive.sana.sy\/tr\/index.php?rest_route=%2Fwp%2Fv2%2Fmedia&parent=32293"}],"wp:term":[{"taxonomy":"category","embeddable":true,"href":"https:\/\/archive.sana.sy\/tr\/index.php?rest_route=%2Fwp%2Fv2%2Fcategories&post=32293"},{"taxonomy":"post_tag","embeddable":true,"href":"https:\/\/archive.sana.sy\/tr\/index.php?rest_route=%2Fwp%2Fv2%2Ftags&post=32293"}],"curies":[{"name":"wp","href":"https:\/\/api.w.org\/{rel}","templated":true}]}}