{"id":322933,"date":"2025-06-11T08:21:16","date_gmt":"2025-06-11T05:21:16","guid":{"rendered":"https:\/\/sana.sy\/tr\/?p=322933"},"modified":"2025-06-11T16:35:32","modified_gmt":"2025-06-11T13:35:32","slug":"vunesco-suriyedeki-faaliyetlerine-sam-ulusal-muzesinde-basliyor","status":"publish","type":"post","link":"https:\/\/archive.sana.sy\/tr\/?p=322933","title":{"rendered":"UNESCO Suriye&#8217;deki Faaliyetlerine Yeniden Ba\u015flad\u0131"},"content":{"rendered":"<p style=\"text-align: justify;\"><strong><span style=\"color: #ff0000;\">\u015eAM (SANA)<\/span> &#8211;\u00a0 <\/strong>Birle\u015fmi\u015f Milletler E\u011fitim, Bilim ve K\u00fclt\u00fcr \u00d6rg\u00fct\u00fc (UNESCO), devrik Esad rejimiyle olan i\u015f birli\u011finin kesilmesinin ard\u0131ndan 14 y\u0131l aradan sonra Suriye&#8217;deki faaliyetlerine yeniden ba\u015flad\u0131\u011f\u0131n\u0131 duyurdu.<\/p>\n<p style=\"text-align: justify;\">\u00d6rg\u00fct, resmi internet sitesinden yapt\u0131\u011f\u0131 a\u00e7\u0131klamada, \u015eam Ulusal M\u00fczesi&#8217;nin acil rehabilitasyonu i\u00e7in destek ve kurtarma \u00f6nlemlerini i\u00e7eren ilk ad\u0131m\u0131 ba\u015flatt\u0131\u011f\u0131n\u0131 ve \u00fcst d\u00fczey bir heyetin Suriye&#8217;ye g\u00f6nderildi\u011fini belirtti.<\/p>\n<p style=\"text-align: justify;\"><strong><span style=\"color: #0000ff;\">Suriye Kimli\u011finin Temel Ta\u015f\u0131n\u0131 Korumak ve Nitelikli \u0130stihdam\u0131 Canland\u0131rmak\u00a0 <\/span><\/strong><\/p>\n<p style=\"text-align: justify;\">UNESCO, \u015eam Ulusal M\u00fczesi&#8217;nin 1919 y\u0131l\u0131nda kuruldu\u011funu ve Orta Do\u011fu&#8217;nun en eski k\u00fclt\u00fcrel kurumlar\u0131ndan biri oldu\u011funu belirtti. M\u00fczenin, b\u00f6lgenin zengin tarihi miras\u0131n\u0131 yans\u0131tan arkeolojik eserlere ev sahipli\u011fi yapt\u0131\u011f\u0131n\u0131 a\u00e7\u0131klad\u0131. M\u00fcze, 2012 y\u0131l\u0131nda kapat\u0131ld\u0131, Ekim 2018&#8217;de k\u0131smen yeniden a\u00e7\u0131ld\u0131 ve Ocak 2025&#8217;te ziyaret\u00e7ileri a\u011f\u0131rlamaya yeniden ba\u015flad\u0131.<\/p>\n<p style=\"text-align: justify;\"><strong><span style=\"color: #0000ff;\">Proje Neleri Kaps\u0131yor?\u00a0 <\/span><\/strong><\/p>\n<p style=\"text-align: justify;\">UNESCO, ulusal ortaklarla ve Suriye Eski Eserler ve M\u00fczeler Genel M\u00fcd\u00fcrl\u00fc\u011f\u00fc ile yak\u0131n i\u015f birli\u011fi i\u00e7inde geli\u015ftirilen projenin \u015fu ad\u0131mlar\u0131 i\u00e7erdi\u011fini a\u00e7\u0131klad\u0131:<\/p>\n<p style=\"text-align: justify;\">&#8211; M\u00fczenin fiziksel altyap\u0131s\u0131n\u0131 g\u00fc\u00e7lendirmek i\u00e7in acil m\u00fcdahale \u00f6nlemleri,<\/p>\n<p style=\"text-align: justify;\">&#8211; Kapsaml\u0131 y\u00f6netim sistemlerinin iyile\u015ftirilmesi,<\/p>\n<p style=\"text-align: justify;\">&#8211; Eserlerin korunmas\u0131 ve g\u00fcvenli depolama ko\u015fullar\u0131n\u0131n sa\u011flanmas\u0131,<\/p>\n<p style=\"text-align: justify;\">&#8211; Suriye&#8217;nin paha bi\u00e7ilmez belgesel miras\u0131n\u0131n dijitalle\u015ftirilerek restore edilmesi.<\/p>\n<p style=\"text-align: justify;\">Ayr\u0131ca \u00f6rg\u00fct, e\u011fitim bilincini art\u0131rmak amac\u0131yla \u00f6\u011frencilere y\u00f6nelik \u00f6zel materyallerin geli\u015ftirilmesini ve m\u00fcze \u00e7al\u0131\u015fanlar\u0131n\u0131n k\u00fclt\u00fcrel e\u011fitim konusunda e\u011fitilmesini de planl\u0131yor.<\/p>\n<p style=\"text-align: justify;\"><strong><span style=\"color: #0000ff;\">Projenin S\u00fcresi ve B\u00fct\u00e7esi\u00a0 <\/span><\/strong><\/p>\n<p style=\"text-align: justify;\">Projenin ilk a\u015famas\u0131 175.000 ABD Dolar\u0131 b\u00fct\u00e7eyle birka\u00e7 ay s\u00fcrecek. Acil durum planlamas\u0131, eser restorasyonu, dijital ar\u015fivleme, envanter y\u00f6netimi ve m\u00fcze bilimi e\u011fitimleri gibi kapsaml\u0131 faaliyetler y\u00fcr\u00fct\u00fclecek.<\/p>\n<p style=\"text-align: justify;\"><strong><span style=\"color: #0000ff;\">\u00a0UNESCO&#8217;nun Suriye&#8217;deki Yenilenen \u00c7abalar\u0131\u00a0 <\/span><\/strong><\/p>\n<p style=\"text-align: justify;\">UNESCO Genel Direkt\u00f6r Ofisi Direkt\u00f6r\u00fc Margo Bergo Dars ba\u015fkanl\u0131\u011f\u0131ndaki heyet, May\u0131s sonunda Suriye&#8217;ye giderek ge\u00e7ici yetkililerle \u00fclkenin yeniden in\u015fas\u0131na y\u00f6nelik destek g\u00f6r\u00fc\u015fmeleri yapt\u0131. Heyet, \u00f6zellikle UNESCO&#8217;nun \u00e7al\u0131\u015fma alanlar\u0131yla ilgili bakanl\u0131klarla bir araya geldi.<\/p>\n<p style=\"text-align: justify;\">Bu ziyaret, k\u00fclt\u00fcr, e\u011fitim ve medya alanlar\u0131ndaki ortak \u00f6ncelikleri netle\u015ftirdi. UNESCO, Nisan ay\u0131nda Almanya&#8217;n\u0131n haz\u0131rlad\u0131\u011f\u0131 ve oy birli\u011fiyle kabul edilen karar do\u011frultusunda Suriye&#8217;deki ge\u00e7i\u015f s\u00fcrecini desteklemek i\u00e7in bir eylem plan\u0131 olu\u015fturdu. \u00c7ok say\u0131da uluslararas\u0131 ortak, bu programlar\u0131n uygulanmas\u0131 i\u00e7in finansal kaynak sa\u011flayacak.<\/p>\n<p style=\"text-align: justify;\">UNESCO, bu \u00f6nc\u00fc giri\u015fimin ba\u015far\u0131s\u0131n\u0131 sa\u011flamak ve k\u00fclt\u00fcr miras\u0131 yoluyla ekonomik diren\u00e7lili\u011fi ve s\u00fcrd\u00fcr\u00fclebilir kalk\u0131nmay\u0131 desteklemek i\u00e7in Suriyeli yetkililer ve uluslararas\u0131 ortaklarla i\u015f birli\u011fini s\u00fcrd\u00fcrecek.<\/p>\n","protected":false},"excerpt":{"rendered":"<p>\u015eAM (SANA) &#8211;\u00a0 Birle\u015fmi\u015f Milletler E\u011fitim, Bilim ve K\u00fclt\u00fcr \u00d6rg\u00fct\u00fc (UNESCO), devrik Esad rejimiyle olan i\u015f birli\u011finin kesilmesinin ard\u0131ndan 14 y\u0131l aradan sonra Suriye&#8217;deki faaliyetlerine yeniden ba\u015flad\u0131\u011f\u0131n\u0131 duyurdu. \u00d6rg\u00fct, resmi internet sitesinden yapt\u0131\u011f\u0131 a\u00e7\u0131klamada, \u015eam Ulusal M\u00fczesi&#8217;nin acil rehabilitasyonu i\u00e7in destek ve kurtarma \u00f6nlemlerini i\u00e7eren ilk ad\u0131m\u0131 ba\u015flatt\u0131\u011f\u0131n\u0131 ve \u00fcst d\u00fczey bir heyetin Suriye&#8217;ye g\u00f6nderildi\u011fini &hellip;<\/p>\n","protected":false},"author":39,"featured_media":322934,"comment_status":"closed","ping_status":"closed","sticky":false,"template":"","format":"standard","meta":{"footnotes":""},"categories":[589,479,17988,478],"tags":[],"class_list":["post-322933","post","type-post","status-publish","format-standard","has-post-thumbnail","","category-haber-seridi","category-haberler-yerel","category-son-haberler","category-yerel"],"_links":{"self":[{"href":"https:\/\/archive.sana.sy\/tr\/index.php?rest_route=\/wp\/v2\/posts\/322933","targetHints":{"allow":["GET"]}}],"collection":[{"href":"https:\/\/archive.sana.sy\/tr\/index.php?rest_route=\/wp\/v2\/posts"}],"about":[{"href":"https:\/\/archive.sana.sy\/tr\/index.php?rest_route=\/wp\/v2\/types\/post"}],"author":[{"embeddable":true,"href":"https:\/\/archive.sana.sy\/tr\/index.php?rest_route=\/wp\/v2\/users\/39"}],"replies":[{"embeddable":true,"href":"https:\/\/archive.sana.sy\/tr\/index.php?rest_route=%2Fwp%2Fv2%2Fcomments&post=322933"}],"version-history":[{"count":7,"href":"https:\/\/archive.sana.sy\/tr\/index.php?rest_route=\/wp\/v2\/posts\/322933\/revisions"}],"predecessor-version":[{"id":322969,"href":"https:\/\/archive.sana.sy\/tr\/index.php?rest_route=\/wp\/v2\/posts\/322933\/revisions\/322969"}],"wp:featuredmedia":[{"embeddable":true,"href":"https:\/\/archive.sana.sy\/tr\/index.php?rest_route=\/wp\/v2\/media\/322934"}],"wp:attachment":[{"href":"https:\/\/archive.sana.sy\/tr\/index.php?rest_route=%2Fwp%2Fv2%2Fmedia&parent=322933"}],"wp:term":[{"taxonomy":"category","embeddable":true,"href":"https:\/\/archive.sana.sy\/tr\/index.php?rest_route=%2Fwp%2Fv2%2Fcategories&post=322933"},{"taxonomy":"post_tag","embeddable":true,"href":"https:\/\/archive.sana.sy\/tr\/index.php?rest_route=%2Fwp%2Fv2%2Ftags&post=322933"}],"curies":[{"name":"wp","href":"https:\/\/api.w.org\/{rel}","templated":true}]}}