{"id":322941,"date":"2025-06-11T11:54:03","date_gmt":"2025-06-11T08:54:03","guid":{"rendered":"https:\/\/sana.sy\/tr\/?p=322941"},"modified":"2025-06-11T15:21:22","modified_gmt":"2025-06-11T12:21:22","slug":"ozel-temsilcisi-schneck-berlin-suriyedeki-mayin-ve-patlamamis-muhimmat-temizleme-programlarini-desteklemeye-devam-edecek","status":"publish","type":"post","link":"https:\/\/archive.sana.sy\/tr\/?p=322941","title":{"rendered":"Schneck: Berlin, Suriye&#8217;deki May\u0131n ve Patlamam\u0131\u015f M\u00fchimmat Temizleme Programlar\u0131n\u0131 Desteklemeye Devam Edecek"},"content":{"rendered":"<p style=\"text-align: justify;\"><strong><span style=\"color: #ff0000;\">BERL\u0130N (SANA)<\/span> \u2013<\/strong> Almanya&#8217;n\u0131n Suriye \u00d6zel Temsilcisi Stefan Schneck, \u00fclkesinin Suriye topraklar\u0131ndaki may\u0131n ve patlamam\u0131\u015f m\u00fchimmatlar\u0131n temizlenmesine y\u00f6nelik programlar\u0131 destekleme taahh\u00fcd\u00fcn\u00fc yineleyerek, bu ad\u0131m\u0131 &#8220;\u00f6ncelikle insani bir \u00e7aba&#8221; olarak nitelendirerek, &#8220;can kay\u0131plar\u0131n\u0131 \u00f6nlemek ve yeniden in\u015fa s\u00fcrecini kolayla\u015ft\u0131rmak&#8221; i\u00e7in kritik oldu\u011funu vurgulad\u0131.<\/p>\n<p style=\"text-align: justify;\">X platformundaki hesab\u0131ndan yapt\u0131\u011f\u0131 payla\u015f\u0131mda, &#8220;Yayg\u0131n \u015fekilde da\u011f\u0131lm\u0131\u015f may\u0131nlar, \u00e7ok say\u0131da Suriyelinin hayat\u0131n\u0131 tehdit ediyor. Bu da Berlin&#8217;i temizleme programlar\u0131na deste\u011fi art\u0131rmaya itiyor&#8221; ifadelerini kulland\u0131.<\/p>\n<p style=\"text-align: justify;\">Almanya D\u0131\u015fi\u015fleri Bakanl\u0131\u011f\u0131&#8217;na ba\u011fl\u0131 Almanya Bar\u0131\u015f ve \u0130nsani Yard\u0131m Platformu da, &#8220;Berlin&#8217;in i\u015f birli\u011fi yoluyla g\u00fcvenli\u011fi art\u0131rmada aktif rol ald\u0131\u011f\u0131n\u0131&#8221; duyurdu.<\/p>\n<p style=\"text-align: justify;\">A\u00e7\u0131klamada ayr\u0131ca, &#8220;May\u0131nlar ve patlamam\u0131\u015f m\u00fchimmatlar, \u00fclkede kalan veya evlerine d\u00f6nmek isteyen milyonlarca insan i\u00e7in \u00f6l\u00fcmc\u00fcl risk olu\u015fturuyor&#8221; ifadeler kullan\u0131ld\u0131.<\/p>\n<p style=\"text-align: justify;\">\u0130nsan Haklar\u0131 G\u00f6zlemi \u00d6rg\u00fct\u00fc (HRW), Aral\u0131k 2024&#8217;ten bu yana devrik rejim taraf\u0131ndan yayg\u0131n \u015fekilde kullan\u0131lan kara may\u0131nlar\u0131 nedeniyle \u00e7o\u011fu kad\u0131n ve \u00e7ocuk 600&#8217;den fazla ki\u015finin hayat\u0131n\u0131 kaybetti\u011fini veya yaraland\u0131\u011f\u0131n\u0131 belgelemi\u015fti.<\/p>\n","protected":false},"excerpt":{"rendered":"<p>BERL\u0130N (SANA) \u2013 Almanya&#8217;n\u0131n Suriye \u00d6zel Temsilcisi Stefan Schneck, \u00fclkesinin Suriye topraklar\u0131ndaki may\u0131n ve patlamam\u0131\u015f m\u00fchimmatlar\u0131n temizlenmesine y\u00f6nelik programlar\u0131 destekleme taahh\u00fcd\u00fcn\u00fc yineleyerek, bu ad\u0131m\u0131 &#8220;\u00f6ncelikle insani bir \u00e7aba&#8221; olarak nitelendirerek, &#8220;can kay\u0131plar\u0131n\u0131 \u00f6nlemek ve yeniden in\u015fa s\u00fcrecini kolayla\u015ft\u0131rmak&#8221; i\u00e7in kritik oldu\u011funu vurgulad\u0131. X platformundaki hesab\u0131ndan yapt\u0131\u011f\u0131 payla\u015f\u0131mda, &#8220;Yayg\u0131n \u015fekilde da\u011f\u0131lm\u0131\u015f may\u0131nlar, \u00e7ok say\u0131da Suriyelinin hayat\u0131n\u0131 &hellip;<\/p>\n","protected":false},"author":39,"featured_media":322942,"comment_status":"closed","ping_status":"closed","sticky":false,"template":"","format":"standard","meta":{"footnotes":""},"categories":[458,589,459,17988],"tags":[],"class_list":["post-322941","post","type-post","status-publish","format-standard","has-post-thumbnail","","category-dunya1","category-haber-seridi","category-haberler-arap-uluslararasi-politika","category-son-haberler"],"_links":{"self":[{"href":"https:\/\/archive.sana.sy\/tr\/index.php?rest_route=\/wp\/v2\/posts\/322941","targetHints":{"allow":["GET"]}}],"collection":[{"href":"https:\/\/archive.sana.sy\/tr\/index.php?rest_route=\/wp\/v2\/posts"}],"about":[{"href":"https:\/\/archive.sana.sy\/tr\/index.php?rest_route=\/wp\/v2\/types\/post"}],"author":[{"embeddable":true,"href":"https:\/\/archive.sana.sy\/tr\/index.php?rest_route=\/wp\/v2\/users\/39"}],"replies":[{"embeddable":true,"href":"https:\/\/archive.sana.sy\/tr\/index.php?rest_route=%2Fwp%2Fv2%2Fcomments&post=322941"}],"version-history":[{"count":5,"href":"https:\/\/archive.sana.sy\/tr\/index.php?rest_route=\/wp\/v2\/posts\/322941\/revisions"}],"predecessor-version":[{"id":322966,"href":"https:\/\/archive.sana.sy\/tr\/index.php?rest_route=\/wp\/v2\/posts\/322941\/revisions\/322966"}],"wp:featuredmedia":[{"embeddable":true,"href":"https:\/\/archive.sana.sy\/tr\/index.php?rest_route=\/wp\/v2\/media\/322942"}],"wp:attachment":[{"href":"https:\/\/archive.sana.sy\/tr\/index.php?rest_route=%2Fwp%2Fv2%2Fmedia&parent=322941"}],"wp:term":[{"taxonomy":"category","embeddable":true,"href":"https:\/\/archive.sana.sy\/tr\/index.php?rest_route=%2Fwp%2Fv2%2Fcategories&post=322941"},{"taxonomy":"post_tag","embeddable":true,"href":"https:\/\/archive.sana.sy\/tr\/index.php?rest_route=%2Fwp%2Fv2%2Ftags&post=322941"}],"curies":[{"name":"wp","href":"https:\/\/api.w.org\/{rel}","templated":true}]}}