{"id":322948,"date":"2025-06-11T12:13:40","date_gmt":"2025-06-11T09:13:40","guid":{"rendered":"https:\/\/sana.sy\/tr\/?p=322948"},"modified":"2025-06-11T15:19:01","modified_gmt":"2025-06-11T12:19:01","slug":"uluslararasi-calisma-konferansi-kapsaminda-suriye-misir-gorusmesi-egitim-ve-mesleki-gelisim-is-birligi-ele-alindi","status":"publish","type":"post","link":"https:\/\/archive.sana.sy\/tr\/?p=322948","title":{"rendered":"Uluslararas\u0131 \u00c7al\u0131\u015fma Konferans\u0131 Kapsam\u0131nda&#8230; Suriye-M\u0131s\u0131r G\u00f6r\u00fc\u015fmesinde E\u011fitim Ve Rehabilitasyon Alan\u0131nda \u0130\u015f Birli\u011fi Ele Al\u0131nd\u0131"},"content":{"rendered":"<p style=\"text-align: justify;\"><strong><span style=\"color: #ff0000;\">CENEVRE (SANA)<\/span> &#8211; <\/strong>Suriye Arap Cumhuriyeti Genel \u0130\u015f\u00e7i Sendikalar\u0131 Federasyonu Ba\u015fkan\u0131 Fevvaz El Ahmed, M\u0131s\u0131r Arap Cumhuriyeti Genel \u0130\u015f\u00e7i Sendikalar\u0131 Federasyonu Ba\u015fkan\u0131 Abd\u00fclm\u00fcnim El Cemal ile e\u011fitim ve mesleki geli\u015fim alanlar\u0131nda i\u015f birli\u011finin geli\u015ftirilmesini ve ortak zorluklarla m\u00fccadele i\u00e7in Arap sendikal \u00e7abalar\u0131n\u0131n birle\u015ftirilmesini g\u00f6r\u00fc\u015ft\u00fc.<\/p>\n<p style=\"text-align: justify;\">Cenevre&#8217;de d\u00fczenlenen 113. Uluslararas\u0131 \u00c7al\u0131\u015fma Konferans\u0131&#8217;n\u0131n kenar\u0131nda ger\u00e7ekle\u015fen g\u00f6r\u00fc\u015fmede El Ahmed, M\u0131s\u0131r&#8217;daki karde\u015flerine, devrim y\u0131llar\u0131nda Suriyelilere g\u00f6sterdikleri misafirperverlik i\u00e7in liderlik ve halk d\u00fczeyinde te\u015fekk\u00fcrlerini iletti. M\u0131s\u0131r&#8217;\u0131n sundu\u011fu deste\u011fin, iki halk aras\u0131ndaki derin karde\u015fli\u011fi, M\u0131s\u0131r halk\u0131n\u0131n asaletini ve iki \u00fclke aras\u0131ndaki k\u00f6kl\u00fc tarihi ba\u011flar\u0131 yans\u0131tt\u0131\u011f\u0131n\u0131 kaydetti.<\/p>\n<p style=\"text-align: justify;\">El Cemal ise Suriye ile M\u0131s\u0131r aras\u0131ndaki sa\u011flam ili\u015fkilere dikkat \u00e7ekerek, Suriye&#8217;nin istikrar\u0131n\u0131n M\u0131s\u0131r&#8217;\u0131n ulusal g\u00fcvenli\u011finin ayr\u0131lmaz bir par\u00e7as\u0131 oldu\u011funu belirterek, iki \u00fclke sendikalar\u0131 aras\u0131ndaki ikili ili\u015fkilerin g\u00fc\u00e7lendirilmesinin \u00f6nemini vurgulad\u0131.<\/p>\n<p style=\"text-align: justify;\">G\u00f6r\u00fc\u015fmede, taraflar aras\u0131ndaki tarihi ba\u011flar\u0131 yans\u0131tan ve ikili, Arap ve uluslararas\u0131 d\u00fczeylerde sendikal \u00e7al\u0131\u015fmalar\u0131n geli\u015fimine katk\u0131 sa\u011flayacak bir sendikal i\u015f birli\u011fi protokol\u00fc haz\u0131rlanmas\u0131 konusunda mutab\u0131k kal\u0131nd\u0131.<\/p>\n<p style=\"text-align: justify;\">Suriye&#8217;nin de kat\u0131l\u0131m\u0131yla 2 Haziran&#8217;da Birle\u015fmi\u015f Milletler Cenevre Ofisi&#8217;nde ba\u015flayan konferans, 13 Haziran&#8217;a kadar devam edecek.<\/p>\n","protected":false},"excerpt":{"rendered":"<p>CENEVRE (SANA) &#8211; Suriye Arap Cumhuriyeti Genel \u0130\u015f\u00e7i Sendikalar\u0131 Federasyonu Ba\u015fkan\u0131 Fevvaz El Ahmed, M\u0131s\u0131r Arap Cumhuriyeti Genel \u0130\u015f\u00e7i Sendikalar\u0131 Federasyonu Ba\u015fkan\u0131 Abd\u00fclm\u00fcnim El Cemal ile e\u011fitim ve mesleki geli\u015fim alanlar\u0131nda i\u015f birli\u011finin geli\u015ftirilmesini ve ortak zorluklarla m\u00fccadele i\u00e7in Arap sendikal \u00e7abalar\u0131n\u0131n birle\u015ftirilmesini g\u00f6r\u00fc\u015ft\u00fc. Cenevre&#8217;de d\u00fczenlenen 113. Uluslararas\u0131 \u00c7al\u0131\u015fma Konferans\u0131&#8217;n\u0131n kenar\u0131nda ger\u00e7ekle\u015fen g\u00f6r\u00fc\u015fmede El Ahmed, &hellip;<\/p>\n","protected":false},"author":39,"featured_media":322949,"comment_status":"closed","ping_status":"closed","sticky":false,"template":"","format":"standard","meta":{"footnotes":""},"categories":[458,589,459,17988],"tags":[],"class_list":["post-322948","post","type-post","status-publish","format-standard","has-post-thumbnail","","category-dunya1","category-haber-seridi","category-haberler-arap-uluslararasi-politika","category-son-haberler"],"_links":{"self":[{"href":"https:\/\/archive.sana.sy\/tr\/index.php?rest_route=\/wp\/v2\/posts\/322948","targetHints":{"allow":["GET"]}}],"collection":[{"href":"https:\/\/archive.sana.sy\/tr\/index.php?rest_route=\/wp\/v2\/posts"}],"about":[{"href":"https:\/\/archive.sana.sy\/tr\/index.php?rest_route=\/wp\/v2\/types\/post"}],"author":[{"embeddable":true,"href":"https:\/\/archive.sana.sy\/tr\/index.php?rest_route=\/wp\/v2\/users\/39"}],"replies":[{"embeddable":true,"href":"https:\/\/archive.sana.sy\/tr\/index.php?rest_route=%2Fwp%2Fv2%2Fcomments&post=322948"}],"version-history":[{"count":5,"href":"https:\/\/archive.sana.sy\/tr\/index.php?rest_route=\/wp\/v2\/posts\/322948\/revisions"}],"predecessor-version":[{"id":322964,"href":"https:\/\/archive.sana.sy\/tr\/index.php?rest_route=\/wp\/v2\/posts\/322948\/revisions\/322964"}],"wp:featuredmedia":[{"embeddable":true,"href":"https:\/\/archive.sana.sy\/tr\/index.php?rest_route=\/wp\/v2\/media\/322949"}],"wp:attachment":[{"href":"https:\/\/archive.sana.sy\/tr\/index.php?rest_route=%2Fwp%2Fv2%2Fmedia&parent=322948"}],"wp:term":[{"taxonomy":"category","embeddable":true,"href":"https:\/\/archive.sana.sy\/tr\/index.php?rest_route=%2Fwp%2Fv2%2Fcategories&post=322948"},{"taxonomy":"post_tag","embeddable":true,"href":"https:\/\/archive.sana.sy\/tr\/index.php?rest_route=%2Fwp%2Fv2%2Ftags&post=322948"}],"curies":[{"name":"wp","href":"https:\/\/api.w.org\/{rel}","templated":true}]}}