{"id":322952,"date":"2025-06-11T14:30:34","date_gmt":"2025-06-11T11:30:34","guid":{"rendered":"https:\/\/sana.sy\/tr\/?p=322952"},"modified":"2025-06-11T16:34:53","modified_gmt":"2025-06-11T13:34:53","slug":"unicef-suriyedeki-son-olumlu-degisimler-cocuklar-icin-umutlari-yeniden-canlandiriyor","status":"publish","type":"post","link":"https:\/\/archive.sana.sy\/tr\/?p=322952","title":{"rendered":"UNICEF: Suriye&#8217;deki Son Olumlu De\u011fi\u015fimler, \u00c7ocuklar \u0130\u00e7in Umutlar\u0131 Yeniden Canland\u0131r\u0131yor"},"content":{"rendered":"<p style=\"text-align: justify;\"><strong><span style=\"color: #ff0000;\">NEW YORK (SANA)<\/span> &#8211;<\/strong>Birle\u015fmi\u015f Milletler \u00c7ocuklara Yard\u0131m Fonu (UNICEF), Suriye\u2019de son aylarda ya\u015fanan olumlu de\u011fi\u015fimlerin, devrik rejimin \u00e7\u00f6k\u00fc\u015f\u00fcnden Cumhurba\u015fkan\u0131 Ahmed El \u015eaar\u2019\u0131n g\u00f6reve gelmesine ve ge\u00e7ici bakanl\u0131klar\u0131n kurulmas\u0131na kadar tarihi bir d\u00f6n\u00fc\u015f\u00fcm f\u0131rsat\u0131 sundu\u011funu, Suriyeli \u00e7ocuklar ve aileleri i\u00e7in umutlar\u0131 tazeledi\u011fini ve ulusal birlik ile dayan\u0131\u015fmay\u0131 g\u00fc\u00e7lendirdi\u011fini vurgulad\u0131.<\/p>\n<p style=\"text-align: justify;\">Kurulu\u015fun resmi internet sitesinde yay\u0131nlanan ayl\u0131k raporunda, bu olumlu geli\u015fmelerin kal\u0131c\u0131 \u00e7\u00f6z\u00fcmlerin \u00f6n\u00fcn\u00fc a\u00e7t\u0131\u011f\u0131na dikkat \u00e7ekilerek, m\u00fcltecilerin ve \u00fclke i\u00e7inde yerinden edilmi\u015f ki\u015filerin g\u00f6n\u00fcll\u00fc olarak geri d\u00f6n\u00fc\u015f\u00fc i\u00e7in f\u0131rsatlar yaratt\u0131\u011f\u0131 belirtildi. Raporda ayr\u0131ca, Suriye&#8217;ye uygulanan yapt\u0131r\u0131mlar\u0131n kald\u0131r\u0131lmas\u0131 karar\u0131n\u0131n da kritik bir rol oynad\u0131\u011f\u0131 ifade edilerek, bu ad\u0131m\u0131n uygulanmas\u0131yla birlikte Suriyelilerin \u00e7ekti\u011fi ac\u0131lar\u0131n hafifleyece\u011fi, insani yard\u0131mlar\u0131n artaca\u011f\u0131 ve erken iyile\u015fme ile yeniden yap\u0131lanma \u00e7abalar\u0131n\u0131n her \u00e7ocuk ve aile i\u00e7in ilerleme kaydedece\u011fi kaydedildi.<\/p>\n<p style=\"text-align: justify;\">Uluslararas\u0131 kurulu\u015f ayr\u0131ca, patlamam\u0131\u015f m\u00fchimmat gibi baz\u0131 sorunlar\u0131n hen\u00fcz \u00e7\u00f6z\u00fclmedi\u011fini de ekleyerek, \u00e7ocuk haklar\u0131n\u0131 desteklemeye ve Suriye&#8217;nin s\u00fcrd\u00fcr\u00fclebilir kalk\u0131nma, bar\u0131\u015f ve toparlanma yolundaki \u00e7abalar\u0131n\u0131 s\u00fcrd\u00fcrmeye kararl\u0131 oldu\u011funu yineledi.<\/p>\n","protected":false},"excerpt":{"rendered":"<p>NEW YORK (SANA) &#8211;Birle\u015fmi\u015f Milletler \u00c7ocuklara Yard\u0131m Fonu (UNICEF), Suriye\u2019de son aylarda ya\u015fanan olumlu de\u011fi\u015fimlerin, devrik rejimin \u00e7\u00f6k\u00fc\u015f\u00fcnden Cumhurba\u015fkan\u0131 Ahmed El \u015eaar\u2019\u0131n g\u00f6reve gelmesine ve ge\u00e7ici bakanl\u0131klar\u0131n kurulmas\u0131na kadar tarihi bir d\u00f6n\u00fc\u015f\u00fcm f\u0131rsat\u0131 sundu\u011funu, Suriyeli \u00e7ocuklar ve aileleri i\u00e7in umutlar\u0131 tazeledi\u011fini ve ulusal birlik ile dayan\u0131\u015fmay\u0131 g\u00fc\u00e7lendirdi\u011fini vurgulad\u0131. Kurulu\u015fun resmi internet sitesinde yay\u0131nlanan ayl\u0131k raporunda, &hellip;<\/p>\n","protected":false},"author":39,"featured_media":322953,"comment_status":"closed","ping_status":"closed","sticky":false,"template":"","format":"standard","meta":{"footnotes":""},"categories":[458,589,459,17988],"tags":[],"class_list":["post-322952","post","type-post","status-publish","format-standard","has-post-thumbnail","","category-dunya1","category-haber-seridi","category-haberler-arap-uluslararasi-politika","category-son-haberler"],"_links":{"self":[{"href":"https:\/\/archive.sana.sy\/tr\/index.php?rest_route=\/wp\/v2\/posts\/322952","targetHints":{"allow":["GET"]}}],"collection":[{"href":"https:\/\/archive.sana.sy\/tr\/index.php?rest_route=\/wp\/v2\/posts"}],"about":[{"href":"https:\/\/archive.sana.sy\/tr\/index.php?rest_route=\/wp\/v2\/types\/post"}],"author":[{"embeddable":true,"href":"https:\/\/archive.sana.sy\/tr\/index.php?rest_route=\/wp\/v2\/users\/39"}],"replies":[{"embeddable":true,"href":"https:\/\/archive.sana.sy\/tr\/index.php?rest_route=%2Fwp%2Fv2%2Fcomments&post=322952"}],"version-history":[{"count":3,"href":"https:\/\/archive.sana.sy\/tr\/index.php?rest_route=\/wp\/v2\/posts\/322952\/revisions"}],"predecessor-version":[{"id":322971,"href":"https:\/\/archive.sana.sy\/tr\/index.php?rest_route=\/wp\/v2\/posts\/322952\/revisions\/322971"}],"wp:featuredmedia":[{"embeddable":true,"href":"https:\/\/archive.sana.sy\/tr\/index.php?rest_route=\/wp\/v2\/media\/322953"}],"wp:attachment":[{"href":"https:\/\/archive.sana.sy\/tr\/index.php?rest_route=%2Fwp%2Fv2%2Fmedia&parent=322952"}],"wp:term":[{"taxonomy":"category","embeddable":true,"href":"https:\/\/archive.sana.sy\/tr\/index.php?rest_route=%2Fwp%2Fv2%2Fcategories&post=322952"},{"taxonomy":"post_tag","embeddable":true,"href":"https:\/\/archive.sana.sy\/tr\/index.php?rest_route=%2Fwp%2Fv2%2Ftags&post=322952"}],"curies":[{"name":"wp","href":"https:\/\/api.w.org\/{rel}","templated":true}]}}