{"id":322977,"date":"2025-06-11T17:15:28","date_gmt":"2025-06-11T14:15:28","guid":{"rendered":"https:\/\/sana.sy\/tr\/?p=322977"},"modified":"2025-06-11T17:15:28","modified_gmt":"2025-06-11T14:15:28","slug":"urdun-kabinesi-suriye-ve-urdun-arasinda-yuksek-koordinasyon-konseyinin-kurulmasi-ve-etkinlestirilmesi-icin-bir-mutabakat-zaptini-onayladi","status":"publish","type":"post","link":"https:\/\/archive.sana.sy\/tr\/?p=322977","title":{"rendered":"\u00dcrd\u00fcn Kabinesi, Suriye Ve \u00dcrd\u00fcn Aras\u0131nda Y\u00fcksek Koordinasyon Konseyi&#8217;nin Kurulmas\u0131 Ve Etkinle\u015ftirilmesi \u0130\u00e7in Bir Mutabakat Zapt\u0131n\u0131 Onaylad\u0131"},"content":{"rendered":"<p style=\"text-align: justify;\"><span style=\"color: #ff0000;\"><strong>AMMAN (SANA)<\/strong> <\/span>&#8211; \u00a0\u00dcrd\u00fcn Kabinesi, iki \u00fclke aras\u0131nda Y\u00fcksek Koordinasyon Konseyi&#8217;nin kurulmas\u0131 ve etkinle\u015ftirilmesi konusunda Suriye h\u00fck\u00fcmetiyle bir mutabakat zapt\u0131n\u0131 onaylad\u0131.<\/p>\n<p style=\"text-align: justify;\">\u00dcrd\u00fcn Haber Ajans\u0131 (Petra), Kabine&#8217;nin bug\u00fcn oturumunun ard\u0131ndan yapt\u0131\u011f\u0131 a\u00e7\u0131klamada \u015funlar\u0131 s\u00f6yledi\u011fini aktard\u0131: \u2018\u2019Mutabakat, Ba\u015fbakan Yard\u0131mc\u0131s\u0131 ve D\u0131\u015fi\u015fleri ve Gurbet\u00e7iler Bakan\u0131 Ayman Safadi ve bakanl\u0131k heyetinin 20 May\u0131s&#8217;ta \u015eam&#8217;a yapt\u0131\u011f\u0131 ziyaret s\u0131ras\u0131nda imzaland\u0131 ve imzaland\u0131\u011f\u0131 tarihten itibaren y\u00fcr\u00fcrl\u00fc\u011fe girdi.\u2019\u2019<\/p>\n<p style=\"text-align: justify;\">A\u00e7\u0131klamaya g\u00f6re, mutabakat zapt\u0131n\u0131n amac\u0131, \u00dcrd\u00fcn Ha\u015fimi Krall\u0131\u011f\u0131 ile Suriye Arap Cumhuriyeti aras\u0131nda \u00e7e\u015fitli alanlarda ortak bir \u00e7al\u0131\u015fma g\u00fcndemi \u00fczerinde anla\u015fmak ve i\u015f birli\u011fini art\u0131rmakt\u0131r.<\/p>\n","protected":false},"excerpt":{"rendered":"<p>AMMAN (SANA) &#8211; \u00a0\u00dcrd\u00fcn Kabinesi, iki \u00fclke aras\u0131nda Y\u00fcksek Koordinasyon Konseyi&#8217;nin kurulmas\u0131 ve etkinle\u015ftirilmesi konusunda Suriye h\u00fck\u00fcmetiyle bir mutabakat zapt\u0131n\u0131 onaylad\u0131. \u00dcrd\u00fcn Haber Ajans\u0131 (Petra), Kabine&#8217;nin bug\u00fcn oturumunun ard\u0131ndan yapt\u0131\u011f\u0131 a\u00e7\u0131klamada \u015funlar\u0131 s\u00f6yledi\u011fini aktard\u0131: \u2018\u2019Mutabakat, Ba\u015fbakan Yard\u0131mc\u0131s\u0131 ve D\u0131\u015fi\u015fleri ve Gurbet\u00e7iler Bakan\u0131 Ayman Safadi ve bakanl\u0131k heyetinin 20 May\u0131s&#8217;ta \u015eam&#8217;a yapt\u0131\u011f\u0131 ziyaret s\u0131ras\u0131nda imzaland\u0131 ve &hellip;<\/p>\n","protected":false},"author":41,"featured_media":322978,"comment_status":"closed","ping_status":"closed","sticky":false,"template":"","format":"standard","meta":{"footnotes":""},"categories":[458,589,459,17988],"tags":[],"class_list":["post-322977","post","type-post","status-publish","format-standard","has-post-thumbnail","","category-dunya1","category-haber-seridi","category-haberler-arap-uluslararasi-politika","category-son-haberler"],"_links":{"self":[{"href":"https:\/\/archive.sana.sy\/tr\/index.php?rest_route=\/wp\/v2\/posts\/322977","targetHints":{"allow":["GET"]}}],"collection":[{"href":"https:\/\/archive.sana.sy\/tr\/index.php?rest_route=\/wp\/v2\/posts"}],"about":[{"href":"https:\/\/archive.sana.sy\/tr\/index.php?rest_route=\/wp\/v2\/types\/post"}],"author":[{"embeddable":true,"href":"https:\/\/archive.sana.sy\/tr\/index.php?rest_route=\/wp\/v2\/users\/41"}],"replies":[{"embeddable":true,"href":"https:\/\/archive.sana.sy\/tr\/index.php?rest_route=%2Fwp%2Fv2%2Fcomments&post=322977"}],"version-history":[{"count":1,"href":"https:\/\/archive.sana.sy\/tr\/index.php?rest_route=\/wp\/v2\/posts\/322977\/revisions"}],"predecessor-version":[{"id":322979,"href":"https:\/\/archive.sana.sy\/tr\/index.php?rest_route=\/wp\/v2\/posts\/322977\/revisions\/322979"}],"wp:featuredmedia":[{"embeddable":true,"href":"https:\/\/archive.sana.sy\/tr\/index.php?rest_route=\/wp\/v2\/media\/322978"}],"wp:attachment":[{"href":"https:\/\/archive.sana.sy\/tr\/index.php?rest_route=%2Fwp%2Fv2%2Fmedia&parent=322977"}],"wp:term":[{"taxonomy":"category","embeddable":true,"href":"https:\/\/archive.sana.sy\/tr\/index.php?rest_route=%2Fwp%2Fv2%2Fcategories&post=322977"},{"taxonomy":"post_tag","embeddable":true,"href":"https:\/\/archive.sana.sy\/tr\/index.php?rest_route=%2Fwp%2Fv2%2Ftags&post=322977"}],"curies":[{"name":"wp","href":"https:\/\/api.w.org\/{rel}","templated":true}]}}