{"id":322980,"date":"2025-06-11T17:21:19","date_gmt":"2025-06-11T14:21:19","guid":{"rendered":"https:\/\/sana.sy\/tr\/?p=322980"},"modified":"2025-06-13T12:17:17","modified_gmt":"2025-06-13T09:17:17","slug":"bakan-el-seybani-misirli-mevkidasiyla-iki-ulke-arasindaki-isbirliginin-artirilmasi-yollarini-gorustu","status":"publish","type":"post","link":"https:\/\/archive.sana.sy\/tr\/?p=322980","title":{"rendered":"Bakan El \u015eeybani, M\u0131s\u0131rl\u0131 Mevkida\u015f\u0131yla \u0130ki \u00dclke Aras\u0131ndaki \u0130\u015fbirli\u011finin Art\u0131r\u0131lmas\u0131 Yollar\u0131n\u0131 G\u00f6r\u00fc\u015ft\u00fc"},"content":{"rendered":"<p style=\"text-align: justify;\"><strong><span style=\"color: #ff0000;\">OSLO (SANA)<\/span> &#8211; <\/strong>D\u0131\u015fi\u015fleri ve Gurbet\u00e7iler Bakan\u0131 Asaad El \u015eeybani, Oslo Bar\u0131\u015f Forumu&#8217;nun aralar\u0131nda M\u0131s\u0131rl\u0131 <img loading=\"lazy\" decoding=\"async\" class=\" wp-image-322982 alignright\" src=\"http:\/\/sana.sy\/tr\/wp-content\/uploads\/2025\/06\/photo_2025-06-11_16-29-21-300x168-1.jpg\" alt=\"\" width=\"252\" height=\"141\" \/>mevkida\u015f\u0131 Bedr Abdulati ile bir araya geldi.<\/p>\n<p style=\"text-align: justify;\">G\u00f6r\u00fc\u015fmede, \u0130ki bakan iki \u00fclke aras\u0131ndaki i\u015f birli\u011fini art\u0131rman\u0131n yollar\u0131 ve bunun \u00f6n\u00fcndeki engelleri \u00e7\u00f6zme \u00e7abalar\u0131 gibi kar\u015f\u0131l\u0131kl\u0131 ilgi duyulan \u00e7e\u015fitli konular\u0131 g\u00f6r\u00fc\u015ft\u00fcler.<\/p>\n<p style=\"text-align: justify;\">G\u00f6r\u00fc\u015fmede ayr\u0131ca, iki taraf, g\u00fcvenli\u011fi ve istikrar\u0131 art\u0131rmaya ve kapsaml\u0131 kalk\u0131nmay\u0131 hedefleyen \u00e7abalar\u0131 desteklemeye katk\u0131da bulunacak olan b\u00f6lgenin kar\u015f\u0131 kar\u015f\u0131ya oldu\u011fu zorluklar hakk\u0131nda isti\u015farelerin ve g\u00f6r\u00fc\u015f al\u0131\u015fveri\u015finin s\u00fcrd\u00fcr\u00fclmesinin \u00f6nemini vurgulad\u0131.<\/p>\n","protected":false},"excerpt":{"rendered":"<p>OSLO (SANA) &#8211; D\u0131\u015fi\u015fleri ve Gurbet\u00e7iler Bakan\u0131 Asaad El \u015eeybani, Oslo Bar\u0131\u015f Forumu&#8217;nun aralar\u0131nda M\u0131s\u0131rl\u0131 mevkida\u015f\u0131 Bedr Abdulati ile bir araya geldi. G\u00f6r\u00fc\u015fmede, \u0130ki bakan iki \u00fclke aras\u0131ndaki i\u015f birli\u011fini art\u0131rman\u0131n yollar\u0131 ve bunun \u00f6n\u00fcndeki engelleri \u00e7\u00f6zme \u00e7abalar\u0131 gibi kar\u015f\u0131l\u0131kl\u0131 ilgi duyulan \u00e7e\u015fitli konular\u0131 g\u00f6r\u00fc\u015ft\u00fcler. G\u00f6r\u00fc\u015fmede ayr\u0131ca, iki taraf, g\u00fcvenli\u011fi ve istikrar\u0131 art\u0131rmaya ve kapsaml\u0131 &hellip;<\/p>\n","protected":false},"author":41,"featured_media":322981,"comment_status":"closed","ping_status":"closed","sticky":false,"template":"","format":"standard","meta":{"footnotes":""},"categories":[458,589,459,17988],"tags":[],"class_list":["post-322980","post","type-post","status-publish","format-standard","has-post-thumbnail","","category-dunya1","category-haber-seridi","category-haberler-arap-uluslararasi-politika","category-son-haberler"],"_links":{"self":[{"href":"https:\/\/archive.sana.sy\/tr\/index.php?rest_route=\/wp\/v2\/posts\/322980","targetHints":{"allow":["GET"]}}],"collection":[{"href":"https:\/\/archive.sana.sy\/tr\/index.php?rest_route=\/wp\/v2\/posts"}],"about":[{"href":"https:\/\/archive.sana.sy\/tr\/index.php?rest_route=\/wp\/v2\/types\/post"}],"author":[{"embeddable":true,"href":"https:\/\/archive.sana.sy\/tr\/index.php?rest_route=\/wp\/v2\/users\/41"}],"replies":[{"embeddable":true,"href":"https:\/\/archive.sana.sy\/tr\/index.php?rest_route=%2Fwp%2Fv2%2Fcomments&post=322980"}],"version-history":[{"count":1,"href":"https:\/\/archive.sana.sy\/tr\/index.php?rest_route=\/wp\/v2\/posts\/322980\/revisions"}],"predecessor-version":[{"id":322983,"href":"https:\/\/archive.sana.sy\/tr\/index.php?rest_route=\/wp\/v2\/posts\/322980\/revisions\/322983"}],"wp:featuredmedia":[{"embeddable":true,"href":"https:\/\/archive.sana.sy\/tr\/index.php?rest_route=\/wp\/v2\/media\/322981"}],"wp:attachment":[{"href":"https:\/\/archive.sana.sy\/tr\/index.php?rest_route=%2Fwp%2Fv2%2Fmedia&parent=322980"}],"wp:term":[{"taxonomy":"category","embeddable":true,"href":"https:\/\/archive.sana.sy\/tr\/index.php?rest_route=%2Fwp%2Fv2%2Fcategories&post=322980"},{"taxonomy":"post_tag","embeddable":true,"href":"https:\/\/archive.sana.sy\/tr\/index.php?rest_route=%2Fwp%2Fv2%2Ftags&post=322980"}],"curies":[{"name":"wp","href":"https:\/\/api.w.org\/{rel}","templated":true}]}}