{"id":322984,"date":"2025-06-11T18:30:13","date_gmt":"2025-06-11T15:30:13","guid":{"rendered":"https:\/\/sana.sy\/tr\/?p=322984"},"modified":"2025-06-13T12:17:48","modified_gmt":"2025-06-13T09:17:48","slug":"bakan-el-seybani-oslo-baris-forumu-kapsaminda-katar-disisleri-bakanliginda-devlet-bakani-ile-bir-araya-geldi","status":"publish","type":"post","link":"https:\/\/archive.sana.sy\/tr\/?p=322984","title":{"rendered":"Bakan El \u015eeybani, Oslo Bar\u0131\u015f Forumu Kapsam\u0131nda Katar D\u0131\u015fi\u015fleri Bakanl\u0131\u011f\u0131&#8217;nda Devlet Bakan\u0131 \u0130le Bir Araya Geldi"},"content":{"rendered":"<p style=\"text-align: justify;\"><span style=\"color: #ff0000;\"><strong>OSLO (SANA)<\/strong> <\/span>&#8211; D\u0131\u015fi\u015fleri ve Gurbet\u00e7iler Bakan\u0131 Asaad El \u015eeybani, Oslo Bar\u0131\u015f Forumu&#8217;nun aralar\u0131nda Katar D\u0131\u015fi\u015fleri Bakanl\u0131\u011f\u0131 Devlet Bakan\u0131 Say\u0131n Muhammed bin Abdulaziz bin Salih El Hukeyfi ile bir araya geldi.<\/p>\n<p style=\"text-align: justify;\">G\u00f6r\u00fc\u015fmede, kimyasal silahlar ve enerji dosyalar\u0131ndaki geli\u015fmelerle ilgili konular da dahil olmak \u00fczere ortak i\u015f birli\u011fi alanlar\u0131n\u0131n geli\u015ftirilmesi ele al\u0131nd\u0131.<\/p>\n<div id='gallery-1' class='gallery galleryid-322984 gallery-columns-1 gallery-size-full'><figure class='gallery-item'>\n\t\t\t<div class='gallery-icon landscape'>\n\t\t\t\t<a href='https:\/\/archive.sana.sy\/tr\/?attachment_id=322986'><img loading=\"lazy\" decoding=\"async\" width=\"2560\" height=\"1437\" src=\"https:\/\/archive.sana.sy\/tr\/wp-content\/uploads\/2025\/06\/photo_2025-06-11_17-06-44.jpg\" class=\"attachment-full size-full\" alt=\"\" srcset=\"https:\/\/archive.sana.sy\/tr\/wp-content\/uploads\/2025\/06\/photo_2025-06-11_17-06-44.jpg 2560w, https:\/\/archive.sana.sy\/tr\/wp-content\/uploads\/2025\/06\/photo_2025-06-11_17-06-44-300x168.jpg 300w, https:\/\/archive.sana.sy\/tr\/wp-content\/uploads\/2025\/06\/photo_2025-06-11_17-06-44-1024x575.jpg 1024w, https:\/\/archive.sana.sy\/tr\/wp-content\/uploads\/2025\/06\/photo_2025-06-11_17-06-44-768x431.jpg 768w, https:\/\/archive.sana.sy\/tr\/wp-content\/uploads\/2025\/06\/photo_2025-06-11_17-06-44-1536x862.jpg 1536w, https:\/\/archive.sana.sy\/tr\/wp-content\/uploads\/2025\/06\/photo_2025-06-11_17-06-44-2048x1150.jpg 2048w\" sizes=\"auto, (max-width: 2560px) 100vw, 2560px\" \/><\/a>\n\t\t\t<\/div><\/figure>\n\t\t<\/div>\n\n","protected":false},"excerpt":{"rendered":"<p>OSLO (SANA) &#8211; D\u0131\u015fi\u015fleri ve Gurbet\u00e7iler Bakan\u0131 Asaad El \u015eeybani, Oslo Bar\u0131\u015f Forumu&#8217;nun aralar\u0131nda Katar D\u0131\u015fi\u015fleri Bakanl\u0131\u011f\u0131 Devlet Bakan\u0131 Say\u0131n Muhammed bin Abdulaziz bin Salih El Hukeyfi ile bir araya geldi. G\u00f6r\u00fc\u015fmede, kimyasal silahlar ve enerji dosyalar\u0131ndaki geli\u015fmelerle ilgili konular da dahil olmak \u00fczere ortak i\u015f birli\u011fi alanlar\u0131n\u0131n geli\u015ftirilmesi ele al\u0131nd\u0131.<\/p>\n","protected":false},"author":41,"featured_media":322985,"comment_status":"closed","ping_status":"closed","sticky":false,"template":"","format":"standard","meta":{"footnotes":""},"categories":[458,589,459,17988],"tags":[],"class_list":["post-322984","post","type-post","status-publish","format-standard","has-post-thumbnail","","category-dunya1","category-haber-seridi","category-haberler-arap-uluslararasi-politika","category-son-haberler"],"_links":{"self":[{"href":"https:\/\/archive.sana.sy\/tr\/index.php?rest_route=\/wp\/v2\/posts\/322984","targetHints":{"allow":["GET"]}}],"collection":[{"href":"https:\/\/archive.sana.sy\/tr\/index.php?rest_route=\/wp\/v2\/posts"}],"about":[{"href":"https:\/\/archive.sana.sy\/tr\/index.php?rest_route=\/wp\/v2\/types\/post"}],"author":[{"embeddable":true,"href":"https:\/\/archive.sana.sy\/tr\/index.php?rest_route=\/wp\/v2\/users\/41"}],"replies":[{"embeddable":true,"href":"https:\/\/archive.sana.sy\/tr\/index.php?rest_route=%2Fwp%2Fv2%2Fcomments&post=322984"}],"version-history":[{"count":1,"href":"https:\/\/archive.sana.sy\/tr\/index.php?rest_route=\/wp\/v2\/posts\/322984\/revisions"}],"predecessor-version":[{"id":322987,"href":"https:\/\/archive.sana.sy\/tr\/index.php?rest_route=\/wp\/v2\/posts\/322984\/revisions\/322987"}],"wp:featuredmedia":[{"embeddable":true,"href":"https:\/\/archive.sana.sy\/tr\/index.php?rest_route=\/wp\/v2\/media\/322985"}],"wp:attachment":[{"href":"https:\/\/archive.sana.sy\/tr\/index.php?rest_route=%2Fwp%2Fv2%2Fmedia&parent=322984"}],"wp:term":[{"taxonomy":"category","embeddable":true,"href":"https:\/\/archive.sana.sy\/tr\/index.php?rest_route=%2Fwp%2Fv2%2Fcategories&post=322984"},{"taxonomy":"post_tag","embeddable":true,"href":"https:\/\/archive.sana.sy\/tr\/index.php?rest_route=%2Fwp%2Fv2%2Ftags&post=322984"}],"curies":[{"name":"wp","href":"https:\/\/api.w.org\/{rel}","templated":true}]}}