{"id":322988,"date":"2025-06-11T18:03:58","date_gmt":"2025-06-11T15:03:58","guid":{"rendered":"https:\/\/sana.sy\/tr\/?p=322988"},"modified":"2025-06-11T18:03:58","modified_gmt":"2025-06-11T15:03:58","slug":"bm-yetkilisi-suriyeli-multecilerin-geri-donusu-icin-uluslararasi-finans-kuruluslarinin-destegi-sarttir","status":"publish","type":"post","link":"https:\/\/archive.sana.sy\/tr\/?p=322988","title":{"rendered":"BM Yetkilisi: Suriyeli M\u00fcltecilerin Geri D\u00f6n\u00fc\u015f\u00fc \u0130\u00e7in Uluslararas\u0131 Finans Kurulu\u015flar\u0131n\u0131n Deste\u011fi \u015eartt\u0131r"},"content":{"rendered":"<p style=\"text-align: justify;\"><span style=\"color: #ff0000;\"><strong>CENEVRE (SANA)<\/strong><\/span> &#8211; \u00a0BM M\u00fclteciler Y\u00fcksek Komserli\u011fi\u2019nin Suriye misyonunun ba\u015fkan\u0131 Gonzalo Vargas Llosa, Suriyeli m\u00fcltecilerin anavatanlar\u0131na g\u00f6n\u00fcll\u00fc ve s\u00fcrd\u00fcr\u00fclebilir bir \u015fekilde geri d\u00f6n\u00fc\u015flerini sa\u011flamak i\u00e7in uluslararas\u0131 finans kurulu\u015flar\u0131n\u0131n ve kalk\u0131nma bankalar\u0131n\u0131n deste\u011finin \u015fart oldu\u011funu vurgulad\u0131.<\/p>\n<p style=\"text-align: justify;\">Vargas Llosa, X platformunda yapt\u0131\u011f\u0131 bir payla\u015f\u0131mda, Uluslararas\u0131 Para Fonu&#8217;nun Suriye&#8217;ye 2009&#8217;dan bu yana ilk kez yapt\u0131\u011f\u0131 ziyaretin sonu\u00e7lar\u0131n\u0131 g\u00f6rmekten duydu\u011fu b\u00fcy\u00fck memnuniyeti dile getirerek, ekonomik ve finansal durumu de\u011ferlendirip Suriye ekonomisinin toparlanmas\u0131 i\u00e7in gereken deste\u011fi g\u00f6r\u00fc\u015ft\u00fc\u011f\u00fcn\u00fc kaydetti.<\/p>\n<p style=\"text-align: justify;\">Llosa ayr\u0131ca, BMYK&#8217;nin Suriye&#8217;de 2025&#8217;in ba\u015f\u0131ndan bu yana IMF ile d\u00fczenli diyalog i\u00e7inde oldu\u011funu kaydetti.<\/p>\n","protected":false},"excerpt":{"rendered":"<p>CENEVRE (SANA) &#8211; \u00a0BM M\u00fclteciler Y\u00fcksek Komserli\u011fi\u2019nin Suriye misyonunun ba\u015fkan\u0131 Gonzalo Vargas Llosa, Suriyeli m\u00fcltecilerin anavatanlar\u0131na g\u00f6n\u00fcll\u00fc ve s\u00fcrd\u00fcr\u00fclebilir bir \u015fekilde geri d\u00f6n\u00fc\u015flerini sa\u011flamak i\u00e7in uluslararas\u0131 finans kurulu\u015flar\u0131n\u0131n ve kalk\u0131nma bankalar\u0131n\u0131n deste\u011finin \u015fart oldu\u011funu vurgulad\u0131. Vargas Llosa, X platformunda yapt\u0131\u011f\u0131 bir payla\u015f\u0131mda, Uluslararas\u0131 Para Fonu&#8217;nun Suriye&#8217;ye 2009&#8217;dan bu yana ilk kez yapt\u0131\u011f\u0131 ziyaretin sonu\u00e7lar\u0131n\u0131 g\u00f6rmekten &hellip;<\/p>\n","protected":false},"author":41,"featured_media":322989,"comment_status":"closed","ping_status":"closed","sticky":false,"template":"","format":"standard","meta":{"footnotes":""},"categories":[458,589,459,17988],"tags":[],"class_list":["post-322988","post","type-post","status-publish","format-standard","has-post-thumbnail","","category-dunya1","category-haber-seridi","category-haberler-arap-uluslararasi-politika","category-son-haberler"],"_links":{"self":[{"href":"https:\/\/archive.sana.sy\/tr\/index.php?rest_route=\/wp\/v2\/posts\/322988","targetHints":{"allow":["GET"]}}],"collection":[{"href":"https:\/\/archive.sana.sy\/tr\/index.php?rest_route=\/wp\/v2\/posts"}],"about":[{"href":"https:\/\/archive.sana.sy\/tr\/index.php?rest_route=\/wp\/v2\/types\/post"}],"author":[{"embeddable":true,"href":"https:\/\/archive.sana.sy\/tr\/index.php?rest_route=\/wp\/v2\/users\/41"}],"replies":[{"embeddable":true,"href":"https:\/\/archive.sana.sy\/tr\/index.php?rest_route=%2Fwp%2Fv2%2Fcomments&post=322988"}],"version-history":[{"count":1,"href":"https:\/\/archive.sana.sy\/tr\/index.php?rest_route=\/wp\/v2\/posts\/322988\/revisions"}],"predecessor-version":[{"id":322990,"href":"https:\/\/archive.sana.sy\/tr\/index.php?rest_route=\/wp\/v2\/posts\/322988\/revisions\/322990"}],"wp:featuredmedia":[{"embeddable":true,"href":"https:\/\/archive.sana.sy\/tr\/index.php?rest_route=\/wp\/v2\/media\/322989"}],"wp:attachment":[{"href":"https:\/\/archive.sana.sy\/tr\/index.php?rest_route=%2Fwp%2Fv2%2Fmedia&parent=322988"}],"wp:term":[{"taxonomy":"category","embeddable":true,"href":"https:\/\/archive.sana.sy\/tr\/index.php?rest_route=%2Fwp%2Fv2%2Fcategories&post=322988"},{"taxonomy":"post_tag","embeddable":true,"href":"https:\/\/archive.sana.sy\/tr\/index.php?rest_route=%2Fwp%2Fv2%2Ftags&post=322988"}],"curies":[{"name":"wp","href":"https:\/\/api.w.org\/{rel}","templated":true}]}}