{"id":322991,"date":"2025-06-11T18:53:59","date_gmt":"2025-06-11T15:53:59","guid":{"rendered":"https:\/\/sana.sy\/tr\/?p=322991"},"modified":"2025-06-11T18:58:11","modified_gmt":"2025-06-11T15:58:11","slug":"disisleri-bakani-oslo-baris-forumu-kapsaminda-endonezya-disisleri-bakan-yardimcisi-ile-bir-araya-geldi","status":"publish","type":"post","link":"https:\/\/archive.sana.sy\/tr\/?p=322991","title":{"rendered":"D\u0131\u015fi\u015fleri Bakan\u0131, Oslo Bar\u0131\u015f Forumu Kapsam\u0131nda Endonezya D\u0131\u015fi\u015fleri Bakan Yard\u0131mc\u0131s\u0131 \u0130le Bir Araya Geldi"},"content":{"rendered":"<p style=\"text-align: justify;\"><strong><span style=\"color: #ff0000;\">OSLO (SANA)<\/span> &#8211;<\/strong> D\u0131\u015fi\u015fleri ve Gurbet\u00e7iler Bakan\u0131 Asaad El \u015eeybani, Oslo Bar\u0131\u015f Forumu&#8217;nun marj\u0131nda Endonezya D\u0131\u015fi\u015fleri Bakan Yard\u0131mc\u0131s\u0131 Muhammed Anis Matta ile bir araya geldi.<\/p>\n<p style=\"text-align: justify;\">G\u00f6r\u00fc\u015fmede, iki \u00fclke aras\u0131ndaki ikili ili\u015fkileri g\u00fc\u00e7lendirmenin yollar\u0131 ele al\u0131nd\u0131 \u200b\u200bve b\u00f6lgesel ve uluslararas\u0131 geli\u015fmeler hakk\u0131nda g\u00f6r\u00fc\u015f al\u0131\u015fveri\u015finde bulunuldu. \u0130ki taraf ayr\u0131ca, ortak ilgi alanlar\u0131nda diyalog ve koordinasyonun \u00f6nemini vurgulad\u0131.<\/p>\n<div id='gallery-1' class='gallery galleryid-322991 gallery-columns-1 gallery-size-full'><figure class='gallery-item'>\n\t\t\t<div class='gallery-icon landscape'>\n\t\t\t\t<a href='https:\/\/archive.sana.sy\/tr\/?attachment_id=322992'><img loading=\"lazy\" decoding=\"async\" width=\"2560\" height=\"1437\" src=\"https:\/\/archive.sana.sy\/tr\/wp-content\/uploads\/2025\/06\/photo_2025-06-11_18-33-18.jpg\" class=\"attachment-full size-full\" alt=\"\" srcset=\"https:\/\/archive.sana.sy\/tr\/wp-content\/uploads\/2025\/06\/photo_2025-06-11_18-33-18.jpg 2560w, https:\/\/archive.sana.sy\/tr\/wp-content\/uploads\/2025\/06\/photo_2025-06-11_18-33-18-300x168.jpg 300w, https:\/\/archive.sana.sy\/tr\/wp-content\/uploads\/2025\/06\/photo_2025-06-11_18-33-18-1024x575.jpg 1024w, https:\/\/archive.sana.sy\/tr\/wp-content\/uploads\/2025\/06\/photo_2025-06-11_18-33-18-768x431.jpg 768w, https:\/\/archive.sana.sy\/tr\/wp-content\/uploads\/2025\/06\/photo_2025-06-11_18-33-18-1536x862.jpg 1536w, https:\/\/archive.sana.sy\/tr\/wp-content\/uploads\/2025\/06\/photo_2025-06-11_18-33-18-2048x1150.jpg 2048w\" sizes=\"auto, (max-width: 2560px) 100vw, 2560px\" \/><\/a>\n\t\t\t<\/div><\/figure>\n\t\t<\/div>\n\n","protected":false},"excerpt":{"rendered":"<p>OSLO (SANA) &#8211; D\u0131\u015fi\u015fleri ve Gurbet\u00e7iler Bakan\u0131 Asaad El \u015eeybani, Oslo Bar\u0131\u015f Forumu&#8217;nun marj\u0131nda Endonezya D\u0131\u015fi\u015fleri Bakan Yard\u0131mc\u0131s\u0131 Muhammed Anis Matta ile bir araya geldi. G\u00f6r\u00fc\u015fmede, iki \u00fclke aras\u0131ndaki ikili ili\u015fkileri g\u00fc\u00e7lendirmenin yollar\u0131 ele al\u0131nd\u0131 \u200b\u200bve b\u00f6lgesel ve uluslararas\u0131 geli\u015fmeler hakk\u0131nda g\u00f6r\u00fc\u015f al\u0131\u015fveri\u015finde bulunuldu. \u0130ki taraf ayr\u0131ca, ortak ilgi alanlar\u0131nda diyalog ve koordinasyonun \u00f6nemini vurgulad\u0131.<\/p>\n","protected":false},"author":41,"featured_media":322993,"comment_status":"closed","ping_status":"closed","sticky":false,"template":"","format":"standard","meta":{"footnotes":""},"categories":[458,589,459,17988],"tags":[],"class_list":["post-322991","post","type-post","status-publish","format-standard","has-post-thumbnail","","category-dunya1","category-haber-seridi","category-haberler-arap-uluslararasi-politika","category-son-haberler"],"_links":{"self":[{"href":"https:\/\/archive.sana.sy\/tr\/index.php?rest_route=\/wp\/v2\/posts\/322991","targetHints":{"allow":["GET"]}}],"collection":[{"href":"https:\/\/archive.sana.sy\/tr\/index.php?rest_route=\/wp\/v2\/posts"}],"about":[{"href":"https:\/\/archive.sana.sy\/tr\/index.php?rest_route=\/wp\/v2\/types\/post"}],"author":[{"embeddable":true,"href":"https:\/\/archive.sana.sy\/tr\/index.php?rest_route=\/wp\/v2\/users\/41"}],"replies":[{"embeddable":true,"href":"https:\/\/archive.sana.sy\/tr\/index.php?rest_route=%2Fwp%2Fv2%2Fcomments&post=322991"}],"version-history":[{"count":3,"href":"https:\/\/archive.sana.sy\/tr\/index.php?rest_route=\/wp\/v2\/posts\/322991\/revisions"}],"predecessor-version":[{"id":322996,"href":"https:\/\/archive.sana.sy\/tr\/index.php?rest_route=\/wp\/v2\/posts\/322991\/revisions\/322996"}],"wp:featuredmedia":[{"embeddable":true,"href":"https:\/\/archive.sana.sy\/tr\/index.php?rest_route=\/wp\/v2\/media\/322993"}],"wp:attachment":[{"href":"https:\/\/archive.sana.sy\/tr\/index.php?rest_route=%2Fwp%2Fv2%2Fmedia&parent=322991"}],"wp:term":[{"taxonomy":"category","embeddable":true,"href":"https:\/\/archive.sana.sy\/tr\/index.php?rest_route=%2Fwp%2Fv2%2Fcategories&post=322991"},{"taxonomy":"post_tag","embeddable":true,"href":"https:\/\/archive.sana.sy\/tr\/index.php?rest_route=%2Fwp%2Fv2%2Ftags&post=322991"}],"curies":[{"name":"wp","href":"https:\/\/api.w.org\/{rel}","templated":true}]}}