{"id":3230,"date":"2014-06-16T10:00:19","date_gmt":"2014-06-16T07:00:19","guid":{"rendered":"http:\/\/sanasyria.org\/tr\/?p=3230"},"modified":"2014-06-18T12:21:27","modified_gmt":"2014-06-18T09:21:27","slug":"teroristlerin-havzalarinda-yine-tarihi-eser-yakalandi","status":"publish","type":"post","link":"https:\/\/archive.sana.sy\/tr\/?p=3230","title":{"rendered":"Ter\u00f6ristlerin Havzalar\u0131nda Yine Tarihi Eser Yakaland\u0131"},"content":{"rendered":"<p><span style=\"color: #800000\">HOMS \u2013<\/span> G\u00fcvenlik birimleri bug\u00fcn Homs iline tabi Tedmur (Palmira) B\u00f6lgesinde tar\u0131m arazilerini arama tarama operasyonu s\u0131ras\u0131nda ter\u00f6ristlerin yurtd\u0131\u015f\u0131na satmak amac\u0131yla ka\u00e7\u0131r\u0131p saklad\u0131klar\u0131 iki tarihi eser par\u00e7as\u0131 ele ge\u00e7irdi.<\/p>\n<p>Homs Valili\u011finde yetkili bir kaynak ele ge\u00e7irilen tarihi eserlerin Tedmur uygarl\u0131\u011f\u0131ndan kalma bir kad\u0131n\u0131n yar\u0131m heykeli ve bir kahinin kafa heykeline ait olduklar\u0131n\u0131 aktar\u0131rken, MS ikinci y\u00fczy\u0131ldan kalma olduklar\u0131n\u0131 s\u00f6yledi.<\/p>\n<p><a href=\"http:\/\/sanasyria.org\/tr\/wp-content\/uploads\/2014\/06\/tarihi-eser-2.jpg\"><img loading=\"lazy\" decoding=\"async\" class=\"aligncenter wp-image-3232 size-full\" src=\"http:\/\/sanasyria.org\/tr\/wp-content\/uploads\/2014\/06\/tarihi-eser-2.jpg\" alt=\"tarihi eser 2\" width=\"620\" height=\"330\" srcset=\"https:\/\/archive.sana.sy\/tr\/wp-content\/uploads\/2014\/06\/tarihi-eser-2.jpg 620w, https:\/\/archive.sana.sy\/tr\/wp-content\/uploads\/2014\/06\/tarihi-eser-2-150x79.jpg 150w, https:\/\/archive.sana.sy\/tr\/wp-content\/uploads\/2014\/06\/tarihi-eser-2-300x160.jpg 300w\" sizes=\"auto, (max-width: 620px) 100vw, 620px\" \/><\/a><\/p>\n","protected":false},"excerpt":{"rendered":"<p>HOMS \u2013 G\u00fcvenlik birimleri bug\u00fcn Homs iline tabi Tedmur (Palmira) B\u00f6lgesinde tar\u0131m arazilerini arama tarama operasyonu s\u0131ras\u0131nda ter\u00f6ristlerin yurtd\u0131\u015f\u0131na satmak amac\u0131yla ka\u00e7\u0131r\u0131p saklad\u0131klar\u0131 iki tarihi eser par\u00e7as\u0131 ele ge\u00e7irdi. Homs Valili\u011finde yetkili bir kaynak ele ge\u00e7irilen tarihi eserlerin Tedmur uygarl\u0131\u011f\u0131ndan kalma bir kad\u0131n\u0131n yar\u0131m heykeli ve bir kahinin kafa heykeline ait olduklar\u0131n\u0131 aktar\u0131rken, MS ikinci &hellip;<\/p>\n","protected":false},"author":1,"featured_media":3231,"comment_status":"closed","ping_status":"closed","sticky":false,"template":"","format":"standard","meta":{"footnotes":""},"categories":[511],"tags":[711],"class_list":["post-3230","post","type-post","status-publish","format-standard","has-post-thumbnail","","category-kultur-ve-sanat","tag-teroristlerin-havzalarinda-yine-tarihi-eser-yakalandi"],"_links":{"self":[{"href":"https:\/\/archive.sana.sy\/tr\/index.php?rest_route=\/wp\/v2\/posts\/3230","targetHints":{"allow":["GET"]}}],"collection":[{"href":"https:\/\/archive.sana.sy\/tr\/index.php?rest_route=\/wp\/v2\/posts"}],"about":[{"href":"https:\/\/archive.sana.sy\/tr\/index.php?rest_route=\/wp\/v2\/types\/post"}],"author":[{"embeddable":true,"href":"https:\/\/archive.sana.sy\/tr\/index.php?rest_route=\/wp\/v2\/users\/1"}],"replies":[{"embeddable":true,"href":"https:\/\/archive.sana.sy\/tr\/index.php?rest_route=%2Fwp%2Fv2%2Fcomments&post=3230"}],"version-history":[{"count":0,"href":"https:\/\/archive.sana.sy\/tr\/index.php?rest_route=\/wp\/v2\/posts\/3230\/revisions"}],"wp:featuredmedia":[{"embeddable":true,"href":"https:\/\/archive.sana.sy\/tr\/index.php?rest_route=\/wp\/v2\/media\/3231"}],"wp:attachment":[{"href":"https:\/\/archive.sana.sy\/tr\/index.php?rest_route=%2Fwp%2Fv2%2Fmedia&parent=3230"}],"wp:term":[{"taxonomy":"category","embeddable":true,"href":"https:\/\/archive.sana.sy\/tr\/index.php?rest_route=%2Fwp%2Fv2%2Fcategories&post=3230"},{"taxonomy":"post_tag","embeddable":true,"href":"https:\/\/archive.sana.sy\/tr\/index.php?rest_route=%2Fwp%2Fv2%2Ftags&post=3230"}],"curies":[{"name":"wp","href":"https:\/\/api.w.org\/{rel}","templated":true}]}}