{"id":323001,"date":"2025-06-12T09:44:50","date_gmt":"2025-06-12T06:44:50","guid":{"rendered":"https:\/\/sana.sy\/tr\/?p=323001"},"modified":"2025-06-12T15:56:12","modified_gmt":"2025-06-12T12:56:12","slug":"savunma-bakani-bahreyn-kralliginin-suriye-buyukelcisini-kabul-etti","status":"publish","type":"post","link":"https:\/\/archive.sana.sy\/tr\/?p=323001","title":{"rendered":"Savunma Bakan\u0131, Bahreyn Krall\u0131\u011f\u0131&#8217;n\u0131n Suriye B\u00fcy\u00fckel\u00e7isini Kabul Etti"},"content":{"rendered":"<p style=\"text-align: justify;\"><strong><span style=\"color: #ff0000;\">\u015eAM (SANA)<\/span> &#8211;\u00a0<\/strong>Savunma Bakan\u0131 T\u00fcmgeneral Murhaf Ebu Kasra, Bahreyn Krall\u0131\u011f\u0131&#8217;n\u0131n Suriye B\u00fcy\u00fckel\u00e7isi Vahid Mubarak Sayyar&#8217;\u0131 \u015eam&#8217;daki bakanl\u0131k merkezinde kabul etti.<\/p>\n<p style=\"text-align: justify;\">G\u00f6r\u00fc\u015fmede, iki taraf iki karde\u015f \u00fclkenin \u00e7\u0131karlar\u0131na hizmet etmek i\u00e7in ikili ili\u015fkileri g\u00fc\u00e7lendirmenin ve ortak alanlarda i\u015fbirli\u011fini ilerletmenin yollar\u0131n\u0131 g\u00f6r\u00fc\u015ft\u00fc.<\/p>\n<div id='gallery-1' class='gallery galleryid-323001 gallery-columns-1 gallery-size-full'><figure class='gallery-item'>\n\t\t\t<div class='gallery-icon landscape'>\n\t\t\t\t<a href='https:\/\/archive.sana.sy\/tr\/wp-content\/uploads\/2025\/06\/222.jpg'><img loading=\"lazy\" decoding=\"async\" width=\"1280\" height=\"853\" src=\"https:\/\/archive.sana.sy\/tr\/wp-content\/uploads\/2025\/06\/222.jpg\" class=\"attachment-full size-full\" alt=\"\" srcset=\"https:\/\/archive.sana.sy\/tr\/wp-content\/uploads\/2025\/06\/222.jpg 1280w, https:\/\/archive.sana.sy\/tr\/wp-content\/uploads\/2025\/06\/222-300x200.jpg 300w, https:\/\/archive.sana.sy\/tr\/wp-content\/uploads\/2025\/06\/222-1024x682.jpg 1024w, https:\/\/archive.sana.sy\/tr\/wp-content\/uploads\/2025\/06\/222-768x512.jpg 768w\" sizes=\"auto, (max-width: 1280px) 100vw, 1280px\" \/><\/a>\n\t\t\t<\/div><\/figure>\n\t\t<\/div>\n\n","protected":false},"excerpt":{"rendered":"<p>\u015eAM (SANA) &#8211;\u00a0Savunma Bakan\u0131 T\u00fcmgeneral Murhaf Ebu Kasra, Bahreyn Krall\u0131\u011f\u0131&#8217;n\u0131n Suriye B\u00fcy\u00fckel\u00e7isi Vahid Mubarak Sayyar&#8217;\u0131 \u015eam&#8217;daki bakanl\u0131k merkezinde kabul etti. G\u00f6r\u00fc\u015fmede, iki taraf iki karde\u015f \u00fclkenin \u00e7\u0131karlar\u0131na hizmet etmek i\u00e7in ikili ili\u015fkileri g\u00fc\u00e7lendirmenin ve ortak alanlarda i\u015fbirli\u011fini ilerletmenin yollar\u0131n\u0131 g\u00f6r\u00fc\u015ft\u00fc.<\/p>\n","protected":false},"author":39,"featured_media":323002,"comment_status":"closed","ping_status":"closed","sticky":false,"template":"","format":"standard","meta":{"footnotes":""},"categories":[589,479,17988,478],"tags":[],"class_list":["post-323001","post","type-post","status-publish","format-standard","has-post-thumbnail","","category-haber-seridi","category-haberler-yerel","category-son-haberler","category-yerel"],"_links":{"self":[{"href":"https:\/\/archive.sana.sy\/tr\/index.php?rest_route=\/wp\/v2\/posts\/323001","targetHints":{"allow":["GET"]}}],"collection":[{"href":"https:\/\/archive.sana.sy\/tr\/index.php?rest_route=\/wp\/v2\/posts"}],"about":[{"href":"https:\/\/archive.sana.sy\/tr\/index.php?rest_route=\/wp\/v2\/types\/post"}],"author":[{"embeddable":true,"href":"https:\/\/archive.sana.sy\/tr\/index.php?rest_route=\/wp\/v2\/users\/39"}],"replies":[{"embeddable":true,"href":"https:\/\/archive.sana.sy\/tr\/index.php?rest_route=%2Fwp%2Fv2%2Fcomments&post=323001"}],"version-history":[{"count":2,"href":"https:\/\/archive.sana.sy\/tr\/index.php?rest_route=\/wp\/v2\/posts\/323001\/revisions"}],"predecessor-version":[{"id":323011,"href":"https:\/\/archive.sana.sy\/tr\/index.php?rest_route=\/wp\/v2\/posts\/323001\/revisions\/323011"}],"wp:featuredmedia":[{"embeddable":true,"href":"https:\/\/archive.sana.sy\/tr\/index.php?rest_route=\/wp\/v2\/media\/323002"}],"wp:attachment":[{"href":"https:\/\/archive.sana.sy\/tr\/index.php?rest_route=%2Fwp%2Fv2%2Fmedia&parent=323001"}],"wp:term":[{"taxonomy":"category","embeddable":true,"href":"https:\/\/archive.sana.sy\/tr\/index.php?rest_route=%2Fwp%2Fv2%2Fcategories&post=323001"},{"taxonomy":"post_tag","embeddable":true,"href":"https:\/\/archive.sana.sy\/tr\/index.php?rest_route=%2Fwp%2Fv2%2Ftags&post=323001"}],"curies":[{"name":"wp","href":"https:\/\/api.w.org\/{rel}","templated":true}]}}