{"id":323076,"date":"2025-06-13T17:55:52","date_gmt":"2025-06-13T14:55:52","guid":{"rendered":"https:\/\/sana.sy\/tr\/?p=323076"},"modified":"2025-06-13T18:03:11","modified_gmt":"2025-06-13T15:03:11","slug":"beyt-cin-sakinleri-isgalci-israil-tarafindan-tutuklanan-ogullarinin-serbest-birakilmasini-talep-etmek-icin-protesto-duzenledi","status":"publish","type":"post","link":"https:\/\/archive.sana.sy\/tr\/?p=323076","title":{"rendered":"Beyt Cin Sakinleri, \u0130\u015fgalci \u0130srail Taraf\u0131ndan Tutuklanan O\u011fullar\u0131n\u0131n Serbest B\u0131rak\u0131lmas\u0131n\u0131 Talep Etmek \u0130\u00e7in Protesto D\u00fczenledi"},"content":{"rendered":"<p style=\"text-align: justify;\"><span style=\"color: #ff0000;\"><strong>\u015eAM KIRSALI (SANA)<\/strong> <\/span>&#8211;\u00a0 Bat\u0131 \u015eam k\u0131rsal\u0131ndaki Beyt Cin kasabas\u0131n\u0131n onlarca sakini, i\u015fgalci \u0130srail\u2019in d\u00fcn kasabaya d\u00fczenledi\u011fi bask\u0131n s\u0131ras\u0131nda tutuklad\u0131\u011f\u0131 yedi vatanda\u015f\u0131n serbest b\u0131rak\u0131lmas\u0131n\u0131 talep ederek bu \u00f6\u011fleden sonra bir protesto d\u00fczenledi.<\/p>\n<p style=\"text-align: justify;\">\u015eam k\u0131rsal\u0131ndaki bir SANA muhabiri, protestocular\u0131n Birle\u015fmi\u015f Milletler merkezinin \u00f6n\u00fcnde protesto eylemi yapmak \u00fczere Nabi El Fevvar b\u00f6lgesine gitti\u011fini ve tutuklular\u0131n derhal serbest b\u0131rak\u0131lmas\u0131 taleplerini yeniden teyit etti\u011fini bildirdi.<\/p>\n<div id='gallery-1' class='gallery galleryid-323076 gallery-columns-1 gallery-size-full'><figure class='gallery-item'>\n\t\t\t<div class='gallery-icon landscape'>\n\t\t\t\t<a href='https:\/\/archive.sana.sy\/tr\/?attachment_id=323078'><img loading=\"lazy\" decoding=\"async\" width=\"660\" height=\"410\" src=\"https:\/\/archive.sana.sy\/tr\/wp-content\/uploads\/2025\/06\/photo_2025-06-13_16-58-243-1.jpg\" class=\"attachment-full size-full\" alt=\"\" srcset=\"https:\/\/archive.sana.sy\/tr\/wp-content\/uploads\/2025\/06\/photo_2025-06-13_16-58-243-1.jpg 660w, https:\/\/archive.sana.sy\/tr\/wp-content\/uploads\/2025\/06\/photo_2025-06-13_16-58-243-1-300x186.jpg 300w\" sizes=\"auto, (max-width: 660px) 100vw, 660px\" \/><\/a>\n\t\t\t<\/div><\/figure><figure class='gallery-item'>\n\t\t\t<div class='gallery-icon landscape'>\n\t\t\t\t<a href='https:\/\/archive.sana.sy\/tr\/?attachment_id=323079'><img loading=\"lazy\" decoding=\"async\" width=\"660\" height=\"422\" src=\"https:\/\/archive.sana.sy\/tr\/wp-content\/uploads\/2025\/06\/photo_2025-06-13_16-58-2-1.jpg\" class=\"attachment-full size-full\" alt=\"\" srcset=\"https:\/\/archive.sana.sy\/tr\/wp-content\/uploads\/2025\/06\/photo_2025-06-13_16-58-2-1.jpg 660w, https:\/\/archive.sana.sy\/tr\/wp-content\/uploads\/2025\/06\/photo_2025-06-13_16-58-2-1-300x192.jpg 300w\" sizes=\"auto, (max-width: 660px) 100vw, 660px\" \/><\/a>\n\t\t\t<\/div><\/figure>\n\t\t<\/div>\n\n","protected":false},"excerpt":{"rendered":"<p>\u015eAM KIRSALI (SANA) &#8211;\u00a0 Bat\u0131 \u015eam k\u0131rsal\u0131ndaki Beyt Cin kasabas\u0131n\u0131n onlarca sakini, i\u015fgalci \u0130srail\u2019in d\u00fcn kasabaya d\u00fczenledi\u011fi bask\u0131n s\u0131ras\u0131nda tutuklad\u0131\u011f\u0131 yedi vatanda\u015f\u0131n serbest b\u0131rak\u0131lmas\u0131n\u0131 talep ederek bu \u00f6\u011fleden sonra bir protesto d\u00fczenledi. \u015eam k\u0131rsal\u0131ndaki bir SANA muhabiri, protestocular\u0131n Birle\u015fmi\u015f Milletler merkezinin \u00f6n\u00fcnde protesto eylemi yapmak \u00fczere Nabi El Fevvar b\u00f6lgesine gitti\u011fini ve tutuklular\u0131n derhal serbest &hellip;<\/p>\n","protected":false},"author":41,"featured_media":323077,"comment_status":"closed","ping_status":"closed","sticky":false,"template":"","format":"standard","meta":{"footnotes":""},"categories":[589,479,17988,478],"tags":[],"class_list":["post-323076","post","type-post","status-publish","format-standard","has-post-thumbnail","","category-haber-seridi","category-haberler-yerel","category-son-haberler","category-yerel"],"_links":{"self":[{"href":"https:\/\/archive.sana.sy\/tr\/index.php?rest_route=\/wp\/v2\/posts\/323076","targetHints":{"allow":["GET"]}}],"collection":[{"href":"https:\/\/archive.sana.sy\/tr\/index.php?rest_route=\/wp\/v2\/posts"}],"about":[{"href":"https:\/\/archive.sana.sy\/tr\/index.php?rest_route=\/wp\/v2\/types\/post"}],"author":[{"embeddable":true,"href":"https:\/\/archive.sana.sy\/tr\/index.php?rest_route=\/wp\/v2\/users\/41"}],"replies":[{"embeddable":true,"href":"https:\/\/archive.sana.sy\/tr\/index.php?rest_route=%2Fwp%2Fv2%2Fcomments&post=323076"}],"version-history":[{"count":3,"href":"https:\/\/archive.sana.sy\/tr\/index.php?rest_route=\/wp\/v2\/posts\/323076\/revisions"}],"predecessor-version":[{"id":323082,"href":"https:\/\/archive.sana.sy\/tr\/index.php?rest_route=\/wp\/v2\/posts\/323076\/revisions\/323082"}],"wp:featuredmedia":[{"embeddable":true,"href":"https:\/\/archive.sana.sy\/tr\/index.php?rest_route=\/wp\/v2\/media\/323077"}],"wp:attachment":[{"href":"https:\/\/archive.sana.sy\/tr\/index.php?rest_route=%2Fwp%2Fv2%2Fmedia&parent=323076"}],"wp:term":[{"taxonomy":"category","embeddable":true,"href":"https:\/\/archive.sana.sy\/tr\/index.php?rest_route=%2Fwp%2Fv2%2Fcategories&post=323076"},{"taxonomy":"post_tag","embeddable":true,"href":"https:\/\/archive.sana.sy\/tr\/index.php?rest_route=%2Fwp%2Fv2%2Ftags&post=323076"}],"curies":[{"name":"wp","href":"https:\/\/api.w.org\/{rel}","templated":true}]}}