{"id":323083,"date":"2025-06-14T11:18:01","date_gmt":"2025-06-14T08:18:01","guid":{"rendered":"https:\/\/sana.sy\/tr\/?p=323083"},"modified":"2025-06-14T15:38:26","modified_gmt":"2025-06-14T12:38:26","slug":"turkiye-cumhurbaskani-yardimcisi-alti-ayda-273-000den-fazla-suriyeli-turkiyeden-ulkelerine-gonullu-olarak-dondu","status":"publish","type":"post","link":"https:\/\/archive.sana.sy\/tr\/?p=323083","title":{"rendered":"T\u00fcrkiye Cumhurba\u015fkan\u0131 Yard\u0131mc\u0131s\u0131: Alt\u0131 Ayda 273.000&#8217;den Fazla Suriyeli T\u00fcrkiye&#8217;den \u00dclkesine G\u00f6n\u00fcll\u00fc Olarak D\u00f6nd\u00fc"},"content":{"rendered":"<p style=\"text-align: justify;\"><span style=\"color: #ff0000;\"><strong>ANKARA (SANA)<\/strong> <\/span>&#8211; T\u00fcrkiye Cumhurba\u015fkan\u0131 Yard\u0131mc\u0131s\u0131 Cevdet Y\u0131lmaz bug\u00fcn, alt\u0131 ayda 273.000&#8217;den fazla Suriyeli m\u00fcltecinin T\u00fcrkiye&#8217;den \u00fclkelerine g\u00f6n\u00fcll\u00fc olarak d\u00f6nd\u00fc\u011f\u00fcn\u00fc duyurarak, okul y\u0131l\u0131n\u0131n sona ermesi ve Suriye&#8217;deki durumun iyile\u015fmesiyle birlikte bu say\u0131n\u0131n yaz aylar\u0131nda artaca\u011f\u0131n\u0131 tahmin etti.<\/p>\n<p style=\"text-align: justify;\">Anadolu Ajans\u0131, Y\u0131lmaz&#8217;\u0131n g\u00fcneydeki Gaziantep ilinde m\u00fcltecilerin g\u00f6n\u00fcll\u00fc d\u00f6n\u00fc\u015f\u00fcn\u00fc desteklemek i\u00e7in ayr\u0131lm\u0131\u015f ana binan\u0131n a\u00e7\u0131l\u0131\u015f\u0131nda yapt\u0131\u011f\u0131 konu\u015fmada \u015funlar\u0131 s\u00f6yledi\u011fini aktard\u0131: T\u00fcrkiye, bask\u0131c\u0131 bir rejimden ka\u00e7an Suriyeli karde\u015flerimize uzun y\u0131llar ev sahipli\u011fi yaparak, Suriye meselesinde tarihine ve medeniyetine lay\u0131k bir s\u0131nav verdi.&#8221;<\/p>\n<p style=\"text-align: justify;\">Y\u0131lmaz ayr\u0131ca, eski Esad rejiminin devrilmesinden sonra Suriye&#8217;de yeni bir d\u00f6nemin ba\u015flad\u0131\u011f\u0131n\u0131 belirterek, &#8220;Uzun s\u00fcredir bununla ilgili baz\u0131 zorluklar ve sorunlar ya\u015fam\u0131\u015f olabiliriz ama biz, h\u00fck\u00fcmet ve halk olarak bunun faydalar\u0131n\u0131 gelecek nesiller i\u00e7in g\u00f6rece\u011fiz.&#8221; dedi.<\/p>\n<p style=\"text-align: justify;\">T\u00fcrk halk\u0131n\u0131n ve h\u00fck\u00fcmetinin \u00fclkedeki Suriyeli m\u00fclteci sorununa ili\u015fkin t\u00fcm k\u0131\u015fk\u0131rtmalara ve yanl\u0131\u015f bilgilendirmelere kar\u015f\u0131 tarihi bir duru\u015f sergiledi\u011fini a\u00e7\u0131klayan Y\u0131lmaz, Ba\u015fkan\u0131m\u0131z, zaman zaman siyasi maliyetler do\u011furma riskine ra\u011fmen bu konuda \u00e7ok kararl\u0131 bir duru\u015f sergiledi&#8221; ifadelerini kulland\u0131.<\/p>\n<p style=\"text-align: justify;\">T\u00fcrkiye Cumhurba\u015fkan\u0131 Yard\u0131mc\u0131s\u0131, T\u00fcrkiye&#8217;nin Suriye&#8217;nin toprak b\u00fct\u00fcnl\u00fc\u011f\u00fcne, istikrar\u0131na ve egemenli\u011fine olan deste\u011fini yinelerken de, &#8221;Suriye&#8217;nin kurumsal yap\u0131s\u0131n\u0131, t\u00fcm bile\u015fenlerini kapsayan siyasi bir \u015femsiye alt\u0131nda geli\u015ftirmeyi, altyap\u0131s\u0131n\u0131 onarmay\u0131 ve ekonomik ve sosyal geli\u015fimini m\u00fcmk\u00fcn olan en k\u0131sa s\u00fcrede h\u0131zland\u0131rmay\u0131 d\u00f6rt g\u00f6zle bekliyoruz&#8221; diye devam etti.<\/p>\n<p style=\"text-align: justify;\">Y\u0131lmaz a\u00e7\u0131klamas\u0131nda da, Suriye&#8217;de uzun y\u0131llard\u0131r kullan\u0131lmayan bir potansiyel oldu\u011funu belirterek, istikrarl\u0131 bir Suriye&#8217;nin \u00f6n\u00fcm\u00fczdeki y\u0131llarda h\u0131zla b\u00fcy\u00fcyece\u011fini vurgulad\u0131.<\/p>\n","protected":false},"excerpt":{"rendered":"<p>ANKARA (SANA) &#8211; T\u00fcrkiye Cumhurba\u015fkan\u0131 Yard\u0131mc\u0131s\u0131 Cevdet Y\u0131lmaz bug\u00fcn, alt\u0131 ayda 273.000&#8217;den fazla Suriyeli m\u00fcltecinin T\u00fcrkiye&#8217;den \u00fclkelerine g\u00f6n\u00fcll\u00fc olarak d\u00f6nd\u00fc\u011f\u00fcn\u00fc duyurarak, okul y\u0131l\u0131n\u0131n sona ermesi ve Suriye&#8217;deki durumun iyile\u015fmesiyle birlikte bu say\u0131n\u0131n yaz aylar\u0131nda artaca\u011f\u0131n\u0131 tahmin etti. Anadolu Ajans\u0131, Y\u0131lmaz&#8217;\u0131n g\u00fcneydeki Gaziantep ilinde m\u00fcltecilerin g\u00f6n\u00fcll\u00fc d\u00f6n\u00fc\u015f\u00fcn\u00fc desteklemek i\u00e7in ayr\u0131lm\u0131\u015f ana binan\u0131n a\u00e7\u0131l\u0131\u015f\u0131nda yapt\u0131\u011f\u0131 konu\u015fmada \u015funlar\u0131 &hellip;<\/p>\n","protected":false},"author":41,"featured_media":323084,"comment_status":"closed","ping_status":"closed","sticky":false,"template":"","format":"standard","meta":{"footnotes":""},"categories":[589,17988,2554,2555],"tags":[],"class_list":["post-323083","post","type-post","status-publish","format-standard","has-post-thumbnail","","category-haber-seridi","category-son-haberler","category-suriye-ve-dunya","category-suriye-ve-turkiye"],"_links":{"self":[{"href":"https:\/\/archive.sana.sy\/tr\/index.php?rest_route=\/wp\/v2\/posts\/323083","targetHints":{"allow":["GET"]}}],"collection":[{"href":"https:\/\/archive.sana.sy\/tr\/index.php?rest_route=\/wp\/v2\/posts"}],"about":[{"href":"https:\/\/archive.sana.sy\/tr\/index.php?rest_route=\/wp\/v2\/types\/post"}],"author":[{"embeddable":true,"href":"https:\/\/archive.sana.sy\/tr\/index.php?rest_route=\/wp\/v2\/users\/41"}],"replies":[{"embeddable":true,"href":"https:\/\/archive.sana.sy\/tr\/index.php?rest_route=%2Fwp%2Fv2%2Fcomments&post=323083"}],"version-history":[{"count":3,"href":"https:\/\/archive.sana.sy\/tr\/index.php?rest_route=\/wp\/v2\/posts\/323083\/revisions"}],"predecessor-version":[{"id":323110,"href":"https:\/\/archive.sana.sy\/tr\/index.php?rest_route=\/wp\/v2\/posts\/323083\/revisions\/323110"}],"wp:featuredmedia":[{"embeddable":true,"href":"https:\/\/archive.sana.sy\/tr\/index.php?rest_route=\/wp\/v2\/media\/323084"}],"wp:attachment":[{"href":"https:\/\/archive.sana.sy\/tr\/index.php?rest_route=%2Fwp%2Fv2%2Fmedia&parent=323083"}],"wp:term":[{"taxonomy":"category","embeddable":true,"href":"https:\/\/archive.sana.sy\/tr\/index.php?rest_route=%2Fwp%2Fv2%2Fcategories&post=323083"},{"taxonomy":"post_tag","embeddable":true,"href":"https:\/\/archive.sana.sy\/tr\/index.php?rest_route=%2Fwp%2Fv2%2Ftags&post=323083"}],"curies":[{"name":"wp","href":"https:\/\/api.w.org\/{rel}","templated":true}]}}