{"id":323086,"date":"2025-06-14T11:19:22","date_gmt":"2025-06-14T08:19:22","guid":{"rendered":"https:\/\/sana.sy\/tr\/?p=323086"},"modified":"2025-06-14T11:54:05","modified_gmt":"2025-06-14T08:54:05","slug":"suriye-havayollari-bolgedeki-durum-nedeniyle-tum-ucuslarini-ikinci-bir-duyuruya-kadar-askiya-aldi","status":"publish","type":"post","link":"https:\/\/archive.sana.sy\/tr\/?p=323086","title":{"rendered":"Suriye Havayollar\u0131, B\u00f6lgedeki Durum Nedeniyle T\u00fcm U\u00e7u\u015flar\u0131n\u0131 \u0130kinci Bir Duyuruya Kadar Ask\u0131ya Ald\u0131"},"content":{"rendered":"<p style=\"text-align: justify;\"><span style=\"color: #ff0000;\"><strong>\u015eAM (SANA)<\/strong><\/span> &#8211; Suriye Havayollar\u0131, b\u00f6lgedeki durum iyile\u015fene ve hava sahas\u0131 normale d\u00f6nene kadar t\u00fcm u\u00e7u\u015flar\u0131n\u0131 ikinci bir duyuruya kadar ge\u00e7ici olarak ask\u0131ya ald\u0131\u011f\u0131n\u0131 duyurdu.<\/p>\n<p style=\"text-align: justify;\">Havayolu, Facebook sayfas\u0131nda yay\u0131nlad\u0131\u011f\u0131 bir bildiride, bu karar\u0131n yolcular\u0131n ve m\u00fcrettebat\u0131n g\u00fcvenli\u011fi konusundaki endi\u015felerden ve b\u00f6lgedeki gergin durumdan kaynakland\u0131\u011f\u0131n\u0131 a\u00e7\u0131klad\u0131.<\/p>\n<p style=\"text-align: justify;\">Havayolu ayr\u0131ca, bu gece \u0130stanbul&#8217;dan gelen RB444 numaral\u0131 u\u00e7u\u015fun \u015eam Uluslararas\u0131 Havaliman\u0131 yerine Halep Uluslararas\u0131 Havaliman\u0131&#8217;na y\u00f6nlendirilece\u011fini belirtirken, Halep Havaliman\u0131&#8217;ndan \u015eam&#8217;a gelen yolcular\u0131n havayolu taraf\u0131ndan belirlenen otob\u00fcslerle ta\u015f\u0131naca\u011f\u0131n\u0131 kaydetti.<\/p>\n","protected":false},"excerpt":{"rendered":"<p>\u015eAM (SANA) &#8211; Suriye Havayollar\u0131, b\u00f6lgedeki durum iyile\u015fene ve hava sahas\u0131 normale d\u00f6nene kadar t\u00fcm u\u00e7u\u015flar\u0131n\u0131 ikinci bir duyuruya kadar ge\u00e7ici olarak ask\u0131ya ald\u0131\u011f\u0131n\u0131 duyurdu. Havayolu, Facebook sayfas\u0131nda yay\u0131nlad\u0131\u011f\u0131 bir bildiride, bu karar\u0131n yolcular\u0131n ve m\u00fcrettebat\u0131n g\u00fcvenli\u011fi konusundaki endi\u015felerden ve b\u00f6lgedeki gergin durumdan kaynakland\u0131\u011f\u0131n\u0131 a\u00e7\u0131klad\u0131. Havayolu ayr\u0131ca, bu gece \u0130stanbul&#8217;dan gelen RB444 numaral\u0131 u\u00e7u\u015fun \u015eam &hellip;<\/p>\n","protected":false},"author":41,"featured_media":323087,"comment_status":"closed","ping_status":"closed","sticky":false,"template":"","format":"standard","meta":{"footnotes":""},"categories":[589,479,478],"tags":[],"class_list":["post-323086","post","type-post","status-publish","format-standard","has-post-thumbnail","","category-haber-seridi","category-haberler-yerel","category-yerel"],"_links":{"self":[{"href":"https:\/\/archive.sana.sy\/tr\/index.php?rest_route=\/wp\/v2\/posts\/323086","targetHints":{"allow":["GET"]}}],"collection":[{"href":"https:\/\/archive.sana.sy\/tr\/index.php?rest_route=\/wp\/v2\/posts"}],"about":[{"href":"https:\/\/archive.sana.sy\/tr\/index.php?rest_route=\/wp\/v2\/types\/post"}],"author":[{"embeddable":true,"href":"https:\/\/archive.sana.sy\/tr\/index.php?rest_route=\/wp\/v2\/users\/41"}],"replies":[{"embeddable":true,"href":"https:\/\/archive.sana.sy\/tr\/index.php?rest_route=%2Fwp%2Fv2%2Fcomments&post=323086"}],"version-history":[{"count":1,"href":"https:\/\/archive.sana.sy\/tr\/index.php?rest_route=\/wp\/v2\/posts\/323086\/revisions"}],"predecessor-version":[{"id":323088,"href":"https:\/\/archive.sana.sy\/tr\/index.php?rest_route=\/wp\/v2\/posts\/323086\/revisions\/323088"}],"wp:featuredmedia":[{"embeddable":true,"href":"https:\/\/archive.sana.sy\/tr\/index.php?rest_route=\/wp\/v2\/media\/323087"}],"wp:attachment":[{"href":"https:\/\/archive.sana.sy\/tr\/index.php?rest_route=%2Fwp%2Fv2%2Fmedia&parent=323086"}],"wp:term":[{"taxonomy":"category","embeddable":true,"href":"https:\/\/archive.sana.sy\/tr\/index.php?rest_route=%2Fwp%2Fv2%2Fcategories&post=323086"},{"taxonomy":"post_tag","embeddable":true,"href":"https:\/\/archive.sana.sy\/tr\/index.php?rest_route=%2Fwp%2Fv2%2Ftags&post=323086"}],"curies":[{"name":"wp","href":"https:\/\/api.w.org\/{rel}","templated":true}]}}