{"id":323090,"date":"2025-06-14T11:30:22","date_gmt":"2025-06-14T08:30:22","guid":{"rendered":"https:\/\/sana.sy\/tr\/?p=323090"},"modified":"2025-06-16T15:14:51","modified_gmt":"2025-06-16T12:14:51","slug":"cumhurbaskani-el-sara-halk-meclisi-secimleri-yuksek-komitesini-kuran-kararnameyi-yayinladi","status":"publish","type":"post","link":"https:\/\/archive.sana.sy\/tr\/?p=323090","title":{"rendered":"Cumhurba\u015fkan\u0131 El \u015eara, Halk Meclisi Se\u00e7imleri Y\u00fcksek Komitesi&#8217;ni Kuran Kararnameyi Yay\u0131nlad\u0131"},"content":{"rendered":"<p style=\"text-align: justify;\"><span style=\"color: #ff0000;\"><strong>\u015eAM (SANA)<\/strong><\/span> &#8211; Cumhurba\u015fkan\u0131 Say\u0131n Ahmed El \u015eara, &#8220;Halk Meclisi Se\u00e7imleri Y\u00fcksek Komitesi&#8221; adl\u0131 bir komite kuran 2025 tarihli 66 say\u0131l\u0131 Cumhurba\u015fkanl\u0131\u011f\u0131 Kararnamesi&#8217;ni yay\u0131nlad\u0131.<\/p>\n<p style=\"text-align: justify;\">Komiteye Muhammed Taha \u064f\u0645 Ahmed ba\u015fkanl\u0131k ediyor ve \u015fu \u00fcyelerden olu\u015fuyor: Hasan \u0130brahim El Da\u011fim, \u0130mad Yakub Bark, Lara \u015eaher Ayzuki, Nevvar \u0130lyas Necma, Muhammed Ali Muhammed Yasin, Muhammed Kadir Veli, Muhammed Yaser Kahala, Hanan \u0130brahim El Belhi, Badr El Cemus ve Enes El Abdah.<\/p>\n<p style=\"text-align: justify;\">Kararname, Y\u00fcksek Komite&#8217;ye Halk Meclisi \u00fcyelerinin \u00fc\u00e7te ikisini se\u00e7ecek alt se\u00e7im organlar\u0131n\u0131n olu\u015fumunu denetleme g\u00f6revini verdi.<\/p>\n<p style=\"text-align: justify;\">Kararname ayr\u0131ca, Halk Meclisi&#8217;nin, valiliklerin n\u00fcfusuna, ileri gelenler ve ayd\u0131nlar kategorilerine ve Y\u00fcksek Se\u00e7im Komitesi taraf\u0131ndan onaylanan ko\u015fullara g\u00f6re da\u011f\u0131t\u0131lacak 150 \u00fcyeden olu\u015faca\u011f\u0131n\u0131 \u015fart ko\u015ftu.<\/p>\n","protected":false},"excerpt":{"rendered":"<p>\u015eAM (SANA) &#8211; Cumhurba\u015fkan\u0131 Say\u0131n Ahmed El \u015eara, &#8220;Halk Meclisi Se\u00e7imleri Y\u00fcksek Komitesi&#8221; adl\u0131 bir komite kuran 2025 tarihli 66 say\u0131l\u0131 Cumhurba\u015fkanl\u0131\u011f\u0131 Kararnamesi&#8217;ni yay\u0131nlad\u0131. Komiteye Muhammed Taha \u064f\u0645 Ahmed ba\u015fkanl\u0131k ediyor ve \u015fu \u00fcyelerden olu\u015fuyor: Hasan \u0130brahim El Da\u011fim, \u0130mad Yakub Bark, Lara \u015eaher Ayzuki, Nevvar \u0130lyas Necma, Muhammed Ali Muhammed Yasin, Muhammed Kadir Veli, &hellip;<\/p>\n","protected":false},"author":41,"featured_media":323092,"comment_status":"closed","ping_status":"closed","sticky":false,"template":"","format":"standard","meta":{"footnotes":""},"categories":[589,605,17988,612],"tags":[],"class_list":["post-323090","post","type-post","status-publish","format-standard","has-post-thumbnail","","category-haber-seridi","category-sayin-cumhurbaskani","category-son-haberler","category-yasama-kararnameler"],"_links":{"self":[{"href":"https:\/\/archive.sana.sy\/tr\/index.php?rest_route=\/wp\/v2\/posts\/323090","targetHints":{"allow":["GET"]}}],"collection":[{"href":"https:\/\/archive.sana.sy\/tr\/index.php?rest_route=\/wp\/v2\/posts"}],"about":[{"href":"https:\/\/archive.sana.sy\/tr\/index.php?rest_route=\/wp\/v2\/types\/post"}],"author":[{"embeddable":true,"href":"https:\/\/archive.sana.sy\/tr\/index.php?rest_route=\/wp\/v2\/users\/41"}],"replies":[{"embeddable":true,"href":"https:\/\/archive.sana.sy\/tr\/index.php?rest_route=%2Fwp%2Fv2%2Fcomments&post=323090"}],"version-history":[{"count":1,"href":"https:\/\/archive.sana.sy\/tr\/index.php?rest_route=\/wp\/v2\/posts\/323090\/revisions"}],"predecessor-version":[{"id":323091,"href":"https:\/\/archive.sana.sy\/tr\/index.php?rest_route=\/wp\/v2\/posts\/323090\/revisions\/323091"}],"wp:featuredmedia":[{"embeddable":true,"href":"https:\/\/archive.sana.sy\/tr\/index.php?rest_route=\/wp\/v2\/media\/323092"}],"wp:attachment":[{"href":"https:\/\/archive.sana.sy\/tr\/index.php?rest_route=%2Fwp%2Fv2%2Fmedia&parent=323090"}],"wp:term":[{"taxonomy":"category","embeddable":true,"href":"https:\/\/archive.sana.sy\/tr\/index.php?rest_route=%2Fwp%2Fv2%2Fcategories&post=323090"},{"taxonomy":"post_tag","embeddable":true,"href":"https:\/\/archive.sana.sy\/tr\/index.php?rest_route=%2Fwp%2Fv2%2Ftags&post=323090"}],"curies":[{"name":"wp","href":"https:\/\/api.w.org\/{rel}","templated":true}]}}