{"id":323093,"date":"2025-06-14T11:42:03","date_gmt":"2025-06-14T08:42:03","guid":{"rendered":"https:\/\/sana.sy\/tr\/?p=323093"},"modified":"2025-06-14T11:42:40","modified_gmt":"2025-06-14T08:42:40","slug":"sivil-havacilik-genel-otoritesi-suriye-hava-sahasinin-sivil-havaciliga-tamamen-yeniden-acildigini-duyurdu","status":"publish","type":"post","link":"https:\/\/archive.sana.sy\/tr\/?p=323093","title":{"rendered":"Sivil Havac\u0131l\u0131k Genel Otoritesi, Suriye Hava Sahas\u0131n\u0131n Sivil Havac\u0131l\u0131\u011fa Tamamen Yeniden A\u00e7\u0131ld\u0131\u011f\u0131n\u0131 Duyurdu"},"content":{"rendered":"<p style=\"text-align: justify;\"><span style=\"color: #ff0000;\"><strong>\u015eAM (SANA)<\/strong> &#8211;<\/span>\u00a0 Suriye Sivil Havac\u0131l\u0131k Genel Otoritesi, son d\u00f6nemde baz\u0131 hava koridorlar\u0131n\u0131n ge\u00e7ici olarak kapat\u0131lmas\u0131n\u0131 gerektiren ko\u015fullar\u0131n sona ermesinin ard\u0131ndan Suriye hava sahas\u0131n\u0131n sivil havac\u0131l\u0131\u011fa tamamen yeniden a\u00e7\u0131ld\u0131\u011f\u0131n\u0131 duyurdu.<\/p>\n<p style=\"text-align: justify;\">Otorite, Telegram kanal\u0131nda yay\u0131mlad\u0131klar\u0131 a\u00e7\u0131klamada, Suriye hava sahas\u0131n\u0131n uluslararas\u0131 g\u00fcvenlik standartlar\u0131na uygun olarak g\u00fcvenli ve kullan\u0131ma a\u00e7\u0131k oldu\u011funu, Suriye havaalanlar\u0131n\u0131 uluslararas\u0131 hava sahas\u0131 a\u011f\u0131na ba\u011flayanlar da dahil olmak \u00fczere t\u00fcm hava koridorlar\u0131n\u0131n sivil hava trafi\u011fine a\u00e7\u0131ld\u0131\u011f\u0131n\u0131 do\u011frulad\u0131.<\/p>\n<p style=\"text-align: justify;\">Otorite ayr\u0131ca, b\u00f6lgedeki durumun s\u00fcrekli olarak izlenece\u011fini ve Suriye hava sahas\u0131nda en y\u00fcksek d\u00fczeyde emniyet ve g\u00fcvenli\u011fin sa\u011flanmas\u0131 i\u00e7in gerekirse ek \u00f6nlemler al\u0131nabilece\u011fini belirtti.<\/p>\n<p style=\"text-align: justify;\">Otorite, Suriye sivil havac\u0131l\u0131\u011f\u0131n\u0131n emniyet ve g\u00fcvenli\u011finin sa\u011flanmas\u0131 ve Suriye Arap Cumhuriyeti hava sahas\u0131nda hava trafi\u011finin sorunsuz bir \u015fekilde akmas\u0131n\u0131 sa\u011flamak i\u00e7in ilgili ulusal ve uluslararas\u0131 otoritelerle s\u00fcrekli koordinasyon sa\u011flanmas\u0131 konusundaki tam ba\u011fl\u0131l\u0131\u011f\u0131n\u0131 da yineledi.<\/p>\n","protected":false},"excerpt":{"rendered":"<p>\u015eAM (SANA) &#8211;\u00a0 Suriye Sivil Havac\u0131l\u0131k Genel Otoritesi, son d\u00f6nemde baz\u0131 hava koridorlar\u0131n\u0131n ge\u00e7ici olarak kapat\u0131lmas\u0131n\u0131 gerektiren ko\u015fullar\u0131n sona ermesinin ard\u0131ndan Suriye hava sahas\u0131n\u0131n sivil havac\u0131l\u0131\u011fa tamamen yeniden a\u00e7\u0131ld\u0131\u011f\u0131n\u0131 duyurdu. Otorite, Telegram kanal\u0131nda yay\u0131mlad\u0131klar\u0131 a\u00e7\u0131klamada, Suriye hava sahas\u0131n\u0131n uluslararas\u0131 g\u00fcvenlik standartlar\u0131na uygun olarak g\u00fcvenli ve kullan\u0131ma a\u00e7\u0131k oldu\u011funu, Suriye havaalanlar\u0131n\u0131 uluslararas\u0131 hava sahas\u0131 a\u011f\u0131na ba\u011flayanlar &hellip;<\/p>\n","protected":false},"author":41,"featured_media":323095,"comment_status":"closed","ping_status":"closed","sticky":false,"template":"","format":"standard","meta":{"footnotes":""},"categories":[589,479,17988,478],"tags":[],"class_list":["post-323093","post","type-post","status-publish","format-standard","has-post-thumbnail","","category-haber-seridi","category-haberler-yerel","category-son-haberler","category-yerel"],"_links":{"self":[{"href":"https:\/\/archive.sana.sy\/tr\/index.php?rest_route=\/wp\/v2\/posts\/323093","targetHints":{"allow":["GET"]}}],"collection":[{"href":"https:\/\/archive.sana.sy\/tr\/index.php?rest_route=\/wp\/v2\/posts"}],"about":[{"href":"https:\/\/archive.sana.sy\/tr\/index.php?rest_route=\/wp\/v2\/types\/post"}],"author":[{"embeddable":true,"href":"https:\/\/archive.sana.sy\/tr\/index.php?rest_route=\/wp\/v2\/users\/41"}],"replies":[{"embeddable":true,"href":"https:\/\/archive.sana.sy\/tr\/index.php?rest_route=%2Fwp%2Fv2%2Fcomments&post=323093"}],"version-history":[{"count":1,"href":"https:\/\/archive.sana.sy\/tr\/index.php?rest_route=\/wp\/v2\/posts\/323093\/revisions"}],"predecessor-version":[{"id":323094,"href":"https:\/\/archive.sana.sy\/tr\/index.php?rest_route=\/wp\/v2\/posts\/323093\/revisions\/323094"}],"wp:featuredmedia":[{"embeddable":true,"href":"https:\/\/archive.sana.sy\/tr\/index.php?rest_route=\/wp\/v2\/media\/323095"}],"wp:attachment":[{"href":"https:\/\/archive.sana.sy\/tr\/index.php?rest_route=%2Fwp%2Fv2%2Fmedia&parent=323093"}],"wp:term":[{"taxonomy":"category","embeddable":true,"href":"https:\/\/archive.sana.sy\/tr\/index.php?rest_route=%2Fwp%2Fv2%2Fcategories&post=323093"},{"taxonomy":"post_tag","embeddable":true,"href":"https:\/\/archive.sana.sy\/tr\/index.php?rest_route=%2Fwp%2Fv2%2Ftags&post=323093"}],"curies":[{"name":"wp","href":"https:\/\/api.w.org\/{rel}","templated":true}]}}