{"id":323096,"date":"2025-06-14T11:53:41","date_gmt":"2025-06-14T08:53:41","guid":{"rendered":"https:\/\/sana.sy\/tr\/?p=323096"},"modified":"2025-06-14T11:53:41","modified_gmt":"2025-06-14T08:53:41","slug":"suriye-havayollari-ucuslarin-kademeli-olarak-yeniden-baslatilacagini-duyurdu","status":"publish","type":"post","link":"https:\/\/archive.sana.sy\/tr\/?p=323096","title":{"rendered":"Suriye Havayollar\u0131 U\u00e7u\u015flar\u0131n Kademeli Olarak Yeniden Ba\u015flat\u0131laca\u011f\u0131n\u0131 Duyurdu"},"content":{"rendered":"<p style=\"text-align: justify;\"><span style=\"color: #ff0000;\"><strong>\u015eAM (SANA)<\/strong> <\/span>&#8211;\u00a0 Suriye Havayollar\u0131 bug\u00fcn, b\u00f6lgedeki hava trafi\u011fini etkileyen g\u00fcvenlik acil durumu nedeniyle ge\u00e7ici olarak ask\u0131ya al\u0131nan u\u00e7u\u015flar\u0131n\u0131n kademeli olarak yeniden ba\u015flat\u0131laca\u011f\u0131n\u0131 duyurdu.<\/p>\n<p style=\"text-align: justify;\">Havayolu \u015firketi, Facebook sayfas\u0131nda u\u00e7u\u015flar\u0131n ba\u015flang\u0131\u00e7ta Kuveyt, Doha ve \u015earika&#8217;ya yap\u0131laca\u011f\u0131n\u0131 a\u00e7\u0131klarken \u015funlar\u0131 belirtti: \u2018\u2019U\u00e7u\u015flar\u0131n ger\u00e7ekle\u015ftirilmesi, mevcut g\u00fcvenlik durumundaki geli\u015fmelerle do\u011frudan ba\u011flant\u0131l\u0131d\u0131r. Bu nedenle, herhangi bir t\u0131rmanma veya yeni hava sahas\u0131 kapat\u0131lmas\u0131 durumunda u\u00e7u\u015f programlar\u0131 her an de\u011fi\u015ftirilebilir veya iptal edilebilir.\u2019\u2019<\/p>\n<p style=\"text-align: justify;\">\u015eirket ayr\u0131ca, d\u00fcn ve bu sabah iptal edilen u\u00e7u\u015flar\u0131n yeniden planlanmas\u0131 i\u00e7in \u00e7al\u0131\u015f\u0131ld\u0131\u011f\u0131n\u0131 do\u011frulayarak, yeni sefer saatlerinin en k\u0131sa s\u00fcrede duyurulaca\u011f\u0131n\u0131 bildirdi.<\/p>\n","protected":false},"excerpt":{"rendered":"<p>\u015eAM (SANA) &#8211;\u00a0 Suriye Havayollar\u0131 bug\u00fcn, b\u00f6lgedeki hava trafi\u011fini etkileyen g\u00fcvenlik acil durumu nedeniyle ge\u00e7ici olarak ask\u0131ya al\u0131nan u\u00e7u\u015flar\u0131n\u0131n kademeli olarak yeniden ba\u015flat\u0131laca\u011f\u0131n\u0131 duyurdu. Havayolu \u015firketi, Facebook sayfas\u0131nda u\u00e7u\u015flar\u0131n ba\u015flang\u0131\u00e7ta Kuveyt, Doha ve \u015earika&#8217;ya yap\u0131laca\u011f\u0131n\u0131 a\u00e7\u0131klarken \u015funlar\u0131 belirtti: \u2018\u2019U\u00e7u\u015flar\u0131n ger\u00e7ekle\u015ftirilmesi, mevcut g\u00fcvenlik durumundaki geli\u015fmelerle do\u011frudan ba\u011flant\u0131l\u0131d\u0131r. Bu nedenle, herhangi bir t\u0131rmanma veya yeni hava sahas\u0131 &hellip;<\/p>\n","protected":false},"author":41,"featured_media":323097,"comment_status":"closed","ping_status":"closed","sticky":false,"template":"","format":"standard","meta":{"footnotes":""},"categories":[589,479,17988,478],"tags":[],"class_list":["post-323096","post","type-post","status-publish","format-standard","has-post-thumbnail","","category-haber-seridi","category-haberler-yerel","category-son-haberler","category-yerel"],"_links":{"self":[{"href":"https:\/\/archive.sana.sy\/tr\/index.php?rest_route=\/wp\/v2\/posts\/323096","targetHints":{"allow":["GET"]}}],"collection":[{"href":"https:\/\/archive.sana.sy\/tr\/index.php?rest_route=\/wp\/v2\/posts"}],"about":[{"href":"https:\/\/archive.sana.sy\/tr\/index.php?rest_route=\/wp\/v2\/types\/post"}],"author":[{"embeddable":true,"href":"https:\/\/archive.sana.sy\/tr\/index.php?rest_route=\/wp\/v2\/users\/41"}],"replies":[{"embeddable":true,"href":"https:\/\/archive.sana.sy\/tr\/index.php?rest_route=%2Fwp%2Fv2%2Fcomments&post=323096"}],"version-history":[{"count":1,"href":"https:\/\/archive.sana.sy\/tr\/index.php?rest_route=\/wp\/v2\/posts\/323096\/revisions"}],"predecessor-version":[{"id":323098,"href":"https:\/\/archive.sana.sy\/tr\/index.php?rest_route=\/wp\/v2\/posts\/323096\/revisions\/323098"}],"wp:featuredmedia":[{"embeddable":true,"href":"https:\/\/archive.sana.sy\/tr\/index.php?rest_route=\/wp\/v2\/media\/323097"}],"wp:attachment":[{"href":"https:\/\/archive.sana.sy\/tr\/index.php?rest_route=%2Fwp%2Fv2%2Fmedia&parent=323096"}],"wp:term":[{"taxonomy":"category","embeddable":true,"href":"https:\/\/archive.sana.sy\/tr\/index.php?rest_route=%2Fwp%2Fv2%2Fcategories&post=323096"},{"taxonomy":"post_tag","embeddable":true,"href":"https:\/\/archive.sana.sy\/tr\/index.php?rest_route=%2Fwp%2Fv2%2Ftags&post=323096"}],"curies":[{"name":"wp","href":"https:\/\/api.w.org\/{rel}","templated":true}]}}