{"id":323099,"date":"2025-06-14T12:32:36","date_gmt":"2025-06-14T09:32:36","guid":{"rendered":"https:\/\/sana.sy\/tr\/?p=323099"},"modified":"2025-06-14T17:20:34","modified_gmt":"2025-06-14T14:20:34","slug":"irak-ile-el-kaim-el-bukamal-sinir-kapisi-yeniden-acildi","status":"publish","type":"post","link":"https:\/\/archive.sana.sy\/tr\/?p=323099","title":{"rendered":"Irak \u0130le El Kaim El Bukamal S\u0131n\u0131r Kap\u0131s\u0131 Yeniden A\u00e7\u0131ld\u0131"},"content":{"rendered":"<p style=\"text-align: justify;\"><strong><span style=\"color: #ff0000;\">EL BUKAMAL (SANA)<\/span> &#8211;<\/strong> \u00a0SANA muhabiri, Irak ile El Kaim El Bukamal s\u0131n\u0131r kap\u0131s\u0131n\u0131n yeniden a\u00e7\u0131ld\u0131\u011f\u0131n\u0131 ve art\u0131k yolcu ve kamyon trafi\u011fine a\u00e7\u0131k oldu\u011funu bildirdi.<\/p>\n","protected":false},"excerpt":{"rendered":"<p>EL BUKAMAL (SANA) &#8211; \u00a0SANA muhabiri, Irak ile El Kaim El Bukamal s\u0131n\u0131r kap\u0131s\u0131n\u0131n yeniden a\u00e7\u0131ld\u0131\u011f\u0131n\u0131 ve art\u0131k yolcu ve kamyon trafi\u011fine a\u00e7\u0131k oldu\u011funu bildirdi.<\/p>\n","protected":false},"author":41,"featured_media":323100,"comment_status":"closed","ping_status":"closed","sticky":false,"template":"","format":"standard","meta":{"footnotes":""},"categories":[589,479,17988,478],"tags":[],"class_list":["post-323099","post","type-post","status-publish","format-standard","has-post-thumbnail","","category-haber-seridi","category-haberler-yerel","category-son-haberler","category-yerel"],"_links":{"self":[{"href":"https:\/\/archive.sana.sy\/tr\/index.php?rest_route=\/wp\/v2\/posts\/323099","targetHints":{"allow":["GET"]}}],"collection":[{"href":"https:\/\/archive.sana.sy\/tr\/index.php?rest_route=\/wp\/v2\/posts"}],"about":[{"href":"https:\/\/archive.sana.sy\/tr\/index.php?rest_route=\/wp\/v2\/types\/post"}],"author":[{"embeddable":true,"href":"https:\/\/archive.sana.sy\/tr\/index.php?rest_route=\/wp\/v2\/users\/41"}],"replies":[{"embeddable":true,"href":"https:\/\/archive.sana.sy\/tr\/index.php?rest_route=%2Fwp%2Fv2%2Fcomments&post=323099"}],"version-history":[{"count":3,"href":"https:\/\/archive.sana.sy\/tr\/index.php?rest_route=\/wp\/v2\/posts\/323099\/revisions"}],"predecessor-version":[{"id":323116,"href":"https:\/\/archive.sana.sy\/tr\/index.php?rest_route=\/wp\/v2\/posts\/323099\/revisions\/323116"}],"wp:featuredmedia":[{"embeddable":true,"href":"https:\/\/archive.sana.sy\/tr\/index.php?rest_route=\/wp\/v2\/media\/323100"}],"wp:attachment":[{"href":"https:\/\/archive.sana.sy\/tr\/index.php?rest_route=%2Fwp%2Fv2%2Fmedia&parent=323099"}],"wp:term":[{"taxonomy":"category","embeddable":true,"href":"https:\/\/archive.sana.sy\/tr\/index.php?rest_route=%2Fwp%2Fv2%2Fcategories&post=323099"},{"taxonomy":"post_tag","embeddable":true,"href":"https:\/\/archive.sana.sy\/tr\/index.php?rest_route=%2Fwp%2Fv2%2Ftags&post=323099"}],"curies":[{"name":"wp","href":"https:\/\/api.w.org\/{rel}","templated":true}]}}