{"id":323103,"date":"2025-06-14T09:20:24","date_gmt":"2025-06-14T06:20:24","guid":{"rendered":"https:\/\/sana.sy\/tr\/?p=323103"},"modified":"2025-06-14T14:24:30","modified_gmt":"2025-06-14T11:24:30","slug":"ic-guvenlik-gucleri-kardahada-silah-ve-muhimmatin-bulundugu-bir-depoyu-ele-gecirdi","status":"publish","type":"post","link":"https:\/\/archive.sana.sy\/tr\/?p=323103","title":{"rendered":"\u0130\u00e7 G\u00fcvenlik G\u00fc\u00e7leri, Kardaha&#8217;da Silah Ve M\u00fchimmat\u0131n Bulundu\u011fu Bir Depoyu Ele Ge\u00e7irdi"},"content":{"rendered":"<p style=\"text-align: justify;\"><span style=\"color: #ff0000;\"><strong>LAZK\u0130YE (SANA)<\/strong> <\/span>&#8211; Lazkiye&#8217;deki \u0130\u00e7 G\u00fcvenlik M\u00fcd\u00fcrl\u00fc\u011f\u00fc, Kardaha&#8217;da silah ve m\u00fchimmat i\u00e7eren bir depoya el koydu. Bu, birka\u00e7 g\u00fcn \u00f6nce tutuklanan bir kanun ka\u00e7a\u011f\u0131na y\u00f6nelik geni\u015fletilmi\u015f bir soru\u015fturman\u0131n sonucu olarak ger\u00e7ekle\u015fti.<\/p>\n<p style=\"text-align: justify;\">\u0130\u00e7i\u015fleri Bakanl\u0131\u011f\u0131, Telegram kanal\u0131nda yapt\u0131\u011f\u0131 a\u00e7\u0131klamada, tutuklanan ki\u015finin sorgusu s\u0131ras\u0131nda s\u00f6z konusu deponun varl\u0131\u011f\u0131n\u0131 ve i\u00e7indekileri 6 Mart&#8217;ta ordu, emniyet ve polis kontrol noktalar\u0131n\u0131 hedef almak i\u00e7in kulland\u0131\u011f\u0131n\u0131 itiraf etti\u011fini bildirerek, silahlara el konuldu\u011funu ve g\u00f6zalt\u0131na al\u0131nan ki\u015finin gerekli yasal i\u015flem i\u00e7in yetkili yarg\u0131ya sevk edildi\u011fini kaydetti.<\/p>\n<div id='gallery-1' class='gallery galleryid-323103 gallery-columns-4 gallery-size-medium'><figure class='gallery-item'>\n\t\t\t<div class='gallery-icon landscape'>\n\t\t\t\t<a href='https:\/\/archive.sana.sy\/tr\/?attachment_id=323104'><img loading=\"lazy\" decoding=\"async\" width=\"300\" height=\"225\" src=\"https:\/\/archive.sana.sy\/tr\/wp-content\/uploads\/2025\/06\/photo_2025-06-13_20-11-42-copy-300x225.jpg\" class=\"attachment-medium size-medium\" alt=\"\" srcset=\"https:\/\/archive.sana.sy\/tr\/wp-content\/uploads\/2025\/06\/photo_2025-06-13_20-11-42-copy-300x225.jpg 300w, https:\/\/archive.sana.sy\/tr\/wp-content\/uploads\/2025\/06\/photo_2025-06-13_20-11-42-copy.jpg 660w\" sizes=\"auto, (max-width: 300px) 100vw, 300px\" \/><\/a>\n\t\t\t<\/div><\/figure><figure class='gallery-item'>\n\t\t\t<div class='gallery-icon landscape'>\n\t\t\t\t<a href='https:\/\/archive.sana.sy\/tr\/?attachment_id=323105'><img loading=\"lazy\" decoding=\"async\" width=\"300\" height=\"140\" src=\"https:\/\/archive.sana.sy\/tr\/wp-content\/uploads\/2025\/06\/photo_2025-06-13_20-11-42-2-copy-300x140.jpg\" class=\"attachment-medium size-medium\" alt=\"\" srcset=\"https:\/\/archive.sana.sy\/tr\/wp-content\/uploads\/2025\/06\/photo_2025-06-13_20-11-42-2-copy-300x140.jpg 300w, https:\/\/archive.sana.sy\/tr\/wp-content\/uploads\/2025\/06\/photo_2025-06-13_20-11-42-2-copy.jpg 660w\" sizes=\"auto, (max-width: 300px) 100vw, 300px\" \/><\/a>\n\t\t\t<\/div><\/figure><figure class='gallery-item'>\n\t\t\t<div class='gallery-icon landscape'>\n\t\t\t\t<a href='https:\/\/archive.sana.sy\/tr\/?attachment_id=323106'><img loading=\"lazy\" decoding=\"async\" width=\"300\" height=\"225\" src=\"https:\/\/archive.sana.sy\/tr\/wp-content\/uploads\/2025\/06\/11-copy-300x225.jpg\" class=\"attachment-medium size-medium\" alt=\"\" srcset=\"https:\/\/archive.sana.sy\/tr\/wp-content\/uploads\/2025\/06\/11-copy-300x225.jpg 300w, https:\/\/archive.sana.sy\/tr\/wp-content\/uploads\/2025\/06\/11-copy.jpg 660w\" sizes=\"auto, (max-width: 300px) 100vw, 300px\" \/><\/a>\n\t\t\t<\/div><\/figure><figure class='gallery-item'>\n\t\t\t<div class='gallery-icon landscape'>\n\t\t\t\t<a href='https:\/\/archive.sana.sy\/tr\/?attachment_id=323107'><img loading=\"lazy\" decoding=\"async\" width=\"300\" height=\"140\" src=\"https:\/\/archive.sana.sy\/tr\/wp-content\/uploads\/2025\/06\/photo_2025-06-13_19-55-19-copy-300x140.jpg\" class=\"attachment-medium size-medium\" alt=\"\" srcset=\"https:\/\/archive.sana.sy\/tr\/wp-content\/uploads\/2025\/06\/photo_2025-06-13_19-55-19-copy-300x140.jpg 300w, https:\/\/archive.sana.sy\/tr\/wp-content\/uploads\/2025\/06\/photo_2025-06-13_19-55-19-copy.jpg 660w\" sizes=\"auto, (max-width: 300px) 100vw, 300px\" \/><\/a>\n\t\t\t<\/div><\/figure>\n\t\t<\/div>\n\n","protected":false},"excerpt":{"rendered":"<p>LAZK\u0130YE (SANA) &#8211; Lazkiye&#8217;deki \u0130\u00e7 G\u00fcvenlik M\u00fcd\u00fcrl\u00fc\u011f\u00fc, Kardaha&#8217;da silah ve m\u00fchimmat i\u00e7eren bir depoya el koydu. Bu, birka\u00e7 g\u00fcn \u00f6nce tutuklanan bir kanun ka\u00e7a\u011f\u0131na y\u00f6nelik geni\u015fletilmi\u015f bir soru\u015fturman\u0131n sonucu olarak ger\u00e7ekle\u015fti. \u0130\u00e7i\u015fleri Bakanl\u0131\u011f\u0131, Telegram kanal\u0131nda yapt\u0131\u011f\u0131 a\u00e7\u0131klamada, tutuklanan ki\u015finin sorgusu s\u0131ras\u0131nda s\u00f6z konusu deponun varl\u0131\u011f\u0131n\u0131 ve i\u00e7indekileri 6 Mart&#8217;ta ordu, emniyet ve polis kontrol noktalar\u0131n\u0131 &hellip;<\/p>\n","protected":false},"author":41,"featured_media":323109,"comment_status":"closed","ping_status":"closed","sticky":false,"template":"","format":"standard","meta":{"footnotes":""},"categories":[589,479,17988,478],"tags":[],"class_list":["post-323103","post","type-post","status-publish","format-standard","has-post-thumbnail","","category-haber-seridi","category-haberler-yerel","category-son-haberler","category-yerel"],"_links":{"self":[{"href":"https:\/\/archive.sana.sy\/tr\/index.php?rest_route=\/wp\/v2\/posts\/323103","targetHints":{"allow":["GET"]}}],"collection":[{"href":"https:\/\/archive.sana.sy\/tr\/index.php?rest_route=\/wp\/v2\/posts"}],"about":[{"href":"https:\/\/archive.sana.sy\/tr\/index.php?rest_route=\/wp\/v2\/types\/post"}],"author":[{"embeddable":true,"href":"https:\/\/archive.sana.sy\/tr\/index.php?rest_route=\/wp\/v2\/users\/41"}],"replies":[{"embeddable":true,"href":"https:\/\/archive.sana.sy\/tr\/index.php?rest_route=%2Fwp%2Fv2%2Fcomments&post=323103"}],"version-history":[{"count":1,"href":"https:\/\/archive.sana.sy\/tr\/index.php?rest_route=\/wp\/v2\/posts\/323103\/revisions"}],"predecessor-version":[{"id":323108,"href":"https:\/\/archive.sana.sy\/tr\/index.php?rest_route=\/wp\/v2\/posts\/323103\/revisions\/323108"}],"wp:featuredmedia":[{"embeddable":true,"href":"https:\/\/archive.sana.sy\/tr\/index.php?rest_route=\/wp\/v2\/media\/323109"}],"wp:attachment":[{"href":"https:\/\/archive.sana.sy\/tr\/index.php?rest_route=%2Fwp%2Fv2%2Fmedia&parent=323103"}],"wp:term":[{"taxonomy":"category","embeddable":true,"href":"https:\/\/archive.sana.sy\/tr\/index.php?rest_route=%2Fwp%2Fv2%2Fcategories&post=323103"},{"taxonomy":"post_tag","embeddable":true,"href":"https:\/\/archive.sana.sy\/tr\/index.php?rest_route=%2Fwp%2Fv2%2Ftags&post=323103"}],"curies":[{"name":"wp","href":"https:\/\/api.w.org\/{rel}","templated":true}]}}