{"id":323120,"date":"2025-06-15T08:41:26","date_gmt":"2025-06-15T05:41:26","guid":{"rendered":"https:\/\/sana.sy\/tr\/?p=323120"},"modified":"2025-06-15T08:41:26","modified_gmt":"2025-06-15T05:41:26","slug":"vasingtonda-abd-suriye-is-konseyinin-kuruldugu-duyuruldu","status":"publish","type":"post","link":"https:\/\/archive.sana.sy\/tr\/?p=323120","title":{"rendered":"Va\u015fington&#8217;da ABD-Suriye \u0130\u015f Konseyi&#8217;nin Kuruldu\u011fu Duyuruldu"},"content":{"rendered":"<p style=\"text-align: justify;\"><span style=\"color: #ff0000;\"><strong>VA<\/strong><strong>\u015e\u0130NGTON (SANA)<\/strong> &#8211;<\/span> ABD-Suriye \u0130\u015f Konseyi&#8217;nin kurulu\u015fu bug\u00fcn Washington, D.C.&#8217;de ba\u011f\u0131ms\u0131z, kar amac\u0131 g\u00fctmeyen ve siyasi olmayan bir \u00f6rg\u00fct olarak duyuruldu.<\/p>\n<p style=\"text-align: justify;\">Konsey, bir kopyas\u0131 SANA taraf\u0131ndan al\u0131nan bir bildiride, Suriye ve ABD aras\u0131nda ekonomik ve ticari i\u015f birli\u011fi k\u00f6pr\u00fcleri kurmak, uzmanl\u0131k al\u0131\u015fveri\u015fini kolayla\u015ft\u0131rmak ve \u015firketlere ve yat\u0131r\u0131mc\u0131lara i\u00e7g\u00f6r\u00fcler sa\u011flamak i\u00e7in etkili bir platform olmay\u0131 ama\u00e7lad\u0131\u011f\u0131n\u0131 a\u00e7\u0131klad\u0131.<\/p>\n<p style=\"text-align: justify;\">Konsey, bir sonraki a\u015famada iki \u00fclke aras\u0131nda ticaret heyetleri ve yat\u0131r\u0131m konferanslar\u0131 d\u00fczenlemek i\u00e7in \u00e7al\u0131\u015faca\u011f\u0131n\u0131 kaydederek, ilgili resmi kurumlara kapsaml\u0131 dan\u0131\u015fmanl\u0131k hizmetleri sa\u011flayaca\u011f\u0131n\u0131 ve ticaret odalar\u0131yla koordinasyon i\u00e7inde yasal ve vergi y\u00f6nlerini ve ihracat ve ithalat gerekliliklerini d\u00fczenleyece\u011fini belirtti.<\/p>\n<p style=\"text-align: justify;\">Konsey ayr\u0131ca, t\u00fcm \u015firketleri, giri\u015fimcileri, yat\u0131r\u0131mc\u0131lar\u0131 ve ekonomi uzmanlar\u0131n\u0131 Suriye ve ABD aras\u0131nda g\u00fc\u00e7l\u00fc ve s\u00fcrd\u00fcr\u00fclebilir ticaret ili\u015fkileri kurmak i\u00e7in do\u011frudan ileti\u015fim kurmaya ve i\u015f birli\u011fi yapmaya \u00e7a\u011f\u0131rd\u0131.<\/p>\n<p style=\"text-align: justify;\">Konseyin kurucu \u00fcyelerinden \u0130sam Grayvati, konseyin modern Suriye&#8217;nin yeniden in\u015fa s\u00fcrecini desteklemek i\u00e7in gelecek vaat eden bir ekonomik platform sundu\u011funu vurgulayarak, konseyin \u015eam ile Washington aras\u0131nda sa\u011flam bir ekonomik ve ticari ortakl\u0131k sa\u011flanmas\u0131na katk\u0131 sa\u011flayaca\u011f\u0131n\u0131 belirtti.<\/p>\n<p style=\"text-align: justify;\">Konseyin kurucu \u00fcyelerinden Cihad Salkini ise, \u015firketinin FSN Telecom&#8217;un, \u00fclkenin kuzey Suriye&#8217;sinde 4G hizmetlerini ba\u015flatan ilk Amerikan \u015firketi oldu\u011funu ve \u00fclke i\u00e7in modern bir ileti\u015fim gelece\u011fi in\u015fa etmeye katk\u0131da bulundu\u011funu duyurdu ve bu ad\u0131m\u0131n, ABD-Suriye \u0130\u015f Konseyi&#8217;nin \u00e7abalar\u0131yla birlikte, iki \u00fclke aras\u0131nda verimli ve sa\u011flam bir stratejik ortakl\u0131\u011f\u0131n temel ta\u015f\u0131n\u0131 olu\u015fturaca\u011f\u0131 umudunu dile getirdi.<\/p>\n","protected":false},"excerpt":{"rendered":"<p>VA\u015e\u0130NGTON (SANA) &#8211; ABD-Suriye \u0130\u015f Konseyi&#8217;nin kurulu\u015fu bug\u00fcn Washington, D.C.&#8217;de ba\u011f\u0131ms\u0131z, kar amac\u0131 g\u00fctmeyen ve siyasi olmayan bir \u00f6rg\u00fct olarak duyuruldu. Konsey, bir kopyas\u0131 SANA taraf\u0131ndan al\u0131nan bir bildiride, Suriye ve ABD aras\u0131nda ekonomik ve ticari i\u015f birli\u011fi k\u00f6pr\u00fcleri kurmak, uzmanl\u0131k al\u0131\u015fveri\u015fini kolayla\u015ft\u0131rmak ve \u015firketlere ve yat\u0131r\u0131mc\u0131lara i\u00e7g\u00f6r\u00fcler sa\u011flamak i\u00e7in etkili bir platform olmay\u0131 ama\u00e7lad\u0131\u011f\u0131n\u0131 &hellip;<\/p>\n","protected":false},"author":36,"featured_media":323121,"comment_status":"closed","ping_status":"closed","sticky":false,"template":"","format":"standard","meta":{"footnotes":""},"categories":[458,589,459,17988],"tags":[],"class_list":["post-323120","post","type-post","status-publish","format-standard","has-post-thumbnail","","category-dunya1","category-haber-seridi","category-haberler-arap-uluslararasi-politika","category-son-haberler"],"_links":{"self":[{"href":"https:\/\/archive.sana.sy\/tr\/index.php?rest_route=\/wp\/v2\/posts\/323120","targetHints":{"allow":["GET"]}}],"collection":[{"href":"https:\/\/archive.sana.sy\/tr\/index.php?rest_route=\/wp\/v2\/posts"}],"about":[{"href":"https:\/\/archive.sana.sy\/tr\/index.php?rest_route=\/wp\/v2\/types\/post"}],"author":[{"embeddable":true,"href":"https:\/\/archive.sana.sy\/tr\/index.php?rest_route=\/wp\/v2\/users\/36"}],"replies":[{"embeddable":true,"href":"https:\/\/archive.sana.sy\/tr\/index.php?rest_route=%2Fwp%2Fv2%2Fcomments&post=323120"}],"version-history":[{"count":1,"href":"https:\/\/archive.sana.sy\/tr\/index.php?rest_route=\/wp\/v2\/posts\/323120\/revisions"}],"predecessor-version":[{"id":323122,"href":"https:\/\/archive.sana.sy\/tr\/index.php?rest_route=\/wp\/v2\/posts\/323120\/revisions\/323122"}],"wp:featuredmedia":[{"embeddable":true,"href":"https:\/\/archive.sana.sy\/tr\/index.php?rest_route=\/wp\/v2\/media\/323121"}],"wp:attachment":[{"href":"https:\/\/archive.sana.sy\/tr\/index.php?rest_route=%2Fwp%2Fv2%2Fmedia&parent=323120"}],"wp:term":[{"taxonomy":"category","embeddable":true,"href":"https:\/\/archive.sana.sy\/tr\/index.php?rest_route=%2Fwp%2Fv2%2Fcategories&post=323120"},{"taxonomy":"post_tag","embeddable":true,"href":"https:\/\/archive.sana.sy\/tr\/index.php?rest_route=%2Fwp%2Fv2%2Ftags&post=323120"}],"curies":[{"name":"wp","href":"https:\/\/api.w.org\/{rel}","templated":true}]}}