{"id":323136,"date":"2025-06-15T10:10:53","date_gmt":"2025-06-15T07:10:53","guid":{"rendered":"https:\/\/sana.sy\/tr\/?p=323136"},"modified":"2025-06-15T10:10:53","modified_gmt":"2025-06-15T07:10:53","slug":"turk-icisleri-bakanligi-turkiyede-gecici-koruma-altindaki-suriyelilerin-sayisi-27-milyona-dustu","status":"publish","type":"post","link":"https:\/\/archive.sana.sy\/tr\/?p=323136","title":{"rendered":"T\u00fcrk \u0130\u00e7i\u015fleri Bakanl\u0131\u011f\u0131: T\u00fcrkiye&#8217;de Ge\u00e7ici Koruma Alt\u0131ndaki Suriyelilerin Say\u0131s\u0131 2,7 Milyona D\u00fc\u015ft\u00fc"},"content":{"rendered":"<p style=\"text-align: justify;\"><span style=\"color: #ff0000;\"><strong>ANKARA (SANA)<\/strong> <\/span>&#8211; Resmi T\u00fcrk verilerine g\u00f6re, T\u00fcrkiye&#8217;deki ge\u00e7ici koruma alt\u0131ndaki Suriyelilerin say\u0131s\u0131 son 5 y\u0131lda y\u00fczde 25,8 azalarak yakla\u015f\u0131k 2 milyon 699 bine ula\u015ft\u0131.<\/p>\n<p style=\"text-align: justify;\">\u0130\u00e7i\u015fleri Bakanl\u0131\u011f\u0131 G\u00f6\u00e7 \u0130daresi Ba\u015fkanl\u0131\u011f\u0131&#8217;n\u0131n a\u00e7\u0131klad\u0131\u011f\u0131 verilere g\u00f6re, ge\u00e7ici koruma kapsam\u0131nda kay\u0131tl\u0131 Suriyeli say\u0131s\u0131, 2020 y\u0131l\u0131 sonunda 3 milyon 641 bin 370 ki\u015fiden, 5 Haziran itibar\u0131yla 2 milyon 699 bin 787&#8217;ye d\u00fc\u015ft\u00fc.<\/p>\n","protected":false},"excerpt":{"rendered":"<p>ANKARA (SANA) &#8211; Resmi T\u00fcrk verilerine g\u00f6re, T\u00fcrkiye&#8217;deki ge\u00e7ici koruma alt\u0131ndaki Suriyelilerin say\u0131s\u0131 son 5 y\u0131lda y\u00fczde 25,8 azalarak yakla\u015f\u0131k 2 milyon 699 bine ula\u015ft\u0131. \u0130\u00e7i\u015fleri Bakanl\u0131\u011f\u0131 G\u00f6\u00e7 \u0130daresi Ba\u015fkanl\u0131\u011f\u0131&#8217;n\u0131n a\u00e7\u0131klad\u0131\u011f\u0131 verilere g\u00f6re, ge\u00e7ici koruma kapsam\u0131nda kay\u0131tl\u0131 Suriyeli say\u0131s\u0131, 2020 y\u0131l\u0131 sonunda 3 milyon 641 bin 370 ki\u015fiden, 5 Haziran itibar\u0131yla 2 milyon 699 bin &hellip;<\/p>\n","protected":false},"author":36,"featured_media":323137,"comment_status":"closed","ping_status":"closed","sticky":false,"template":"","format":"standard","meta":{"footnotes":""},"categories":[458,589,459,17988],"tags":[],"class_list":["post-323136","post","type-post","status-publish","format-standard","has-post-thumbnail","","category-dunya1","category-haber-seridi","category-haberler-arap-uluslararasi-politika","category-son-haberler"],"_links":{"self":[{"href":"https:\/\/archive.sana.sy\/tr\/index.php?rest_route=\/wp\/v2\/posts\/323136","targetHints":{"allow":["GET"]}}],"collection":[{"href":"https:\/\/archive.sana.sy\/tr\/index.php?rest_route=\/wp\/v2\/posts"}],"about":[{"href":"https:\/\/archive.sana.sy\/tr\/index.php?rest_route=\/wp\/v2\/types\/post"}],"author":[{"embeddable":true,"href":"https:\/\/archive.sana.sy\/tr\/index.php?rest_route=\/wp\/v2\/users\/36"}],"replies":[{"embeddable":true,"href":"https:\/\/archive.sana.sy\/tr\/index.php?rest_route=%2Fwp%2Fv2%2Fcomments&post=323136"}],"version-history":[{"count":1,"href":"https:\/\/archive.sana.sy\/tr\/index.php?rest_route=\/wp\/v2\/posts\/323136\/revisions"}],"predecessor-version":[{"id":323138,"href":"https:\/\/archive.sana.sy\/tr\/index.php?rest_route=\/wp\/v2\/posts\/323136\/revisions\/323138"}],"wp:featuredmedia":[{"embeddable":true,"href":"https:\/\/archive.sana.sy\/tr\/index.php?rest_route=\/wp\/v2\/media\/323137"}],"wp:attachment":[{"href":"https:\/\/archive.sana.sy\/tr\/index.php?rest_route=%2Fwp%2Fv2%2Fmedia&parent=323136"}],"wp:term":[{"taxonomy":"category","embeddable":true,"href":"https:\/\/archive.sana.sy\/tr\/index.php?rest_route=%2Fwp%2Fv2%2Fcategories&post=323136"},{"taxonomy":"post_tag","embeddable":true,"href":"https:\/\/archive.sana.sy\/tr\/index.php?rest_route=%2Fwp%2Fv2%2Ftags&post=323136"}],"curies":[{"name":"wp","href":"https:\/\/api.w.org\/{rel}","templated":true}]}}