{"id":323139,"date":"2025-06-15T10:55:25","date_gmt":"2025-06-15T07:55:25","guid":{"rendered":"https:\/\/sana.sy\/tr\/?p=323139"},"modified":"2025-06-15T15:29:46","modified_gmt":"2025-06-15T12:29:46","slug":"iran-ile-israil-arasindaki-catismalar-giderek-tirmaniyor","status":"publish","type":"post","link":"https:\/\/archive.sana.sy\/tr\/?p=323139","title":{"rendered":"\u0130ran ile \u0130srail Aras\u0131ndaki \u00c7at\u0131\u015fmalar Giderek T\u0131rman\u0131yor"},"content":{"rendered":"<p style=\"text-align: justify;\"><span style=\"color: #ff0000;\"><strong>TAHRAN &#8211; TEL AV\u0130V(SANA)<\/strong> <\/span>&#8211; \u0130ran ve \u0130srail aras\u0131ndaki hava ve f\u00fcze sald\u0131r\u0131lar\u0131 d\u00fcn gece ve bu sabah yo\u011funla\u015ft\u0131, yeni b\u00f6lgeler ve tesisler hedef al\u0131nd\u0131, her iki taraftan da daha fazla can kayb\u0131 bildirildi.<\/p>\n<p style=\"text-align: justify;\">\u0130srail medyas\u0131na g\u00f6re, \u0130ran&#8217;\u0131n Hayfa ve Tel Aviv&#8217;deki sald\u0131r\u0131lar\u0131nda hayat\u0131n\u0131 kaybeden \u0130sraillilerin say\u0131s\u0131 11&#8217;e y\u00fckselirken, 240&#8217;tan fazla ki\u015fi yaraland\u0131\u011f\u0131n\u0131 belirtirken, \u0130srail \u0130\u00e7 Cephe Komutanl\u0131\u011f\u0131, &#8220;D\u00fcn gece \u0130srail i\u00e7in zordu ve bu b\u00f6lgedeki enkaz alt\u0131nda kaybolan yedi ki\u015fiyi arama \u00e7al\u0131\u015fmalar\u0131 devam ediyor&#8221; dedi.<\/p>\n<p style=\"text-align: justify;\">Tel Aviv&#8217;deki Beyt Yam belediye ba\u015fkan\u0131, \u0130ran f\u00fczesi taraf\u0131ndan 61 binan\u0131n hasar g\u00f6rd\u00fc\u011f\u00fcn\u00fc ve bunlardan alt\u0131s\u0131n\u0131n tamamen y\u0131k\u0131laca\u011f\u0131n\u0131 belirtirken, kaynaklar ayr\u0131ca Tel Aviv ve Hayfa&#8217;daki \u00e7e\u015fitli b\u00f6lgelere d\u00fc\u015fen f\u00fczelerden kaynaklanan hasarlar\u0131 bildirdi.<\/p>\n<p style=\"text-align: justify;\">Bu sabah, hava sald\u0131r\u0131s\u0131 sirenlerinin sesi ve insans\u0131z hava ara\u00e7lar\u0131n\u0131n s\u0131zmas\u0131 sonras\u0131nda A\u015fa\u011f\u0131 Celile&#8217;de patlamalar bildirirken, \u0130srail g\u00fc\u00e7leri &#8220;son birka\u00e7 saat i\u00e7inde Bat\u0131 \u0130ran&#8217;daki f\u00fcze depolama ve f\u0131rlatma altyap\u0131s\u0131na y\u00f6nelik bir sald\u0131r\u0131 dalgas\u0131n\u0131 tamamlad\u0131klar\u0131n\u0131&#8221; ilan etti.<\/p>\n<p style=\"text-align: justify;\">\u0130ran medyas\u0131na g\u00f6re, \u0130srail, Tahran&#8217;daki Savunma Bakanl\u0131\u011f\u0131 karargah\u0131, Savunma Ara\u015ft\u0131rma ve \u0130novasyon \u00d6rg\u00fct\u00fc&#8217;n\u00fcn karargah\u0131 ve baz\u0131 petrol tesislerine hava sald\u0131r\u0131lar\u0131 d\u00fczenledi.<\/p>\n<p style=\"text-align: justify;\">TASN\u0130M Haber Ajans\u0131, ba\u015fkent Tahran&#8217;\u0131n g\u00fcneyinde bulunan petrol rafinerisinin \u0130srail f\u00fcze sald\u0131r\u0131s\u0131na maruz kald\u0131\u011f\u0131n\u0131, itfaiye ekiplerinin durumu tamamen kontrol alt\u0131na almak i\u00e7in yo\u011fun \u00e7aba harcad\u0131\u011f\u0131n\u0131 bildirdi.<\/p>\n<p style=\"text-align: justify;\">\u0130srail hava sald\u0131r\u0131s\u0131 ayr\u0131ca Shahran b\u00f6lgesindeki bir petrol deposunu hedef ald\u0131.<\/p>\n<p style=\"text-align: justify;\">\u0130ranl\u0131 bir kaynak, depodaki yang\u0131n\u0131n kontrol alt\u0131na al\u0131nd\u0131\u011f\u0131n\u0131 ve kurtarma ekiplerinin so\u011futma eylemlerini ger\u00e7ekle\u015ftirdi\u011fini belirtti.<\/p>\n","protected":false},"excerpt":{"rendered":"<p>TAHRAN &#8211; TEL AV\u0130V(SANA) &#8211; \u0130ran ve \u0130srail aras\u0131ndaki hava ve f\u00fcze sald\u0131r\u0131lar\u0131 d\u00fcn gece ve bu sabah yo\u011funla\u015ft\u0131, yeni b\u00f6lgeler ve tesisler hedef al\u0131nd\u0131, her iki taraftan da daha fazla can kayb\u0131 bildirildi. \u0130srail medyas\u0131na g\u00f6re, \u0130ran&#8217;\u0131n Hayfa ve Tel Aviv&#8217;deki sald\u0131r\u0131lar\u0131nda hayat\u0131n\u0131 kaybeden \u0130sraillilerin say\u0131s\u0131 11&#8217;e y\u00fckselirken, 240&#8217;tan fazla ki\u015fi yaraland\u0131\u011f\u0131n\u0131 belirtirken, \u0130srail &hellip;<\/p>\n","protected":false},"author":36,"featured_media":323140,"comment_status":"closed","ping_status":"closed","sticky":false,"template":"","format":"standard","meta":{"footnotes":""},"categories":[458,589,459,17988],"tags":[],"class_list":["post-323139","post","type-post","status-publish","format-standard","has-post-thumbnail","","category-dunya1","category-haber-seridi","category-haberler-arap-uluslararasi-politika","category-son-haberler"],"_links":{"self":[{"href":"https:\/\/archive.sana.sy\/tr\/index.php?rest_route=\/wp\/v2\/posts\/323139","targetHints":{"allow":["GET"]}}],"collection":[{"href":"https:\/\/archive.sana.sy\/tr\/index.php?rest_route=\/wp\/v2\/posts"}],"about":[{"href":"https:\/\/archive.sana.sy\/tr\/index.php?rest_route=\/wp\/v2\/types\/post"}],"author":[{"embeddable":true,"href":"https:\/\/archive.sana.sy\/tr\/index.php?rest_route=\/wp\/v2\/users\/36"}],"replies":[{"embeddable":true,"href":"https:\/\/archive.sana.sy\/tr\/index.php?rest_route=%2Fwp%2Fv2%2Fcomments&post=323139"}],"version-history":[{"count":4,"href":"https:\/\/archive.sana.sy\/tr\/index.php?rest_route=\/wp\/v2\/posts\/323139\/revisions"}],"predecessor-version":[{"id":323163,"href":"https:\/\/archive.sana.sy\/tr\/index.php?rest_route=\/wp\/v2\/posts\/323139\/revisions\/323163"}],"wp:featuredmedia":[{"embeddable":true,"href":"https:\/\/archive.sana.sy\/tr\/index.php?rest_route=\/wp\/v2\/media\/323140"}],"wp:attachment":[{"href":"https:\/\/archive.sana.sy\/tr\/index.php?rest_route=%2Fwp%2Fv2%2Fmedia&parent=323139"}],"wp:term":[{"taxonomy":"category","embeddable":true,"href":"https:\/\/archive.sana.sy\/tr\/index.php?rest_route=%2Fwp%2Fv2%2Fcategories&post=323139"},{"taxonomy":"post_tag","embeddable":true,"href":"https:\/\/archive.sana.sy\/tr\/index.php?rest_route=%2Fwp%2Fv2%2Ftags&post=323139"}],"curies":[{"name":"wp","href":"https:\/\/api.w.org\/{rel}","templated":true}]}}