{"id":323144,"date":"2025-06-15T12:25:13","date_gmt":"2025-06-15T09:25:13","guid":{"rendered":"https:\/\/sana.sy\/tr\/?p=323144"},"modified":"2025-06-15T15:25:59","modified_gmt":"2025-06-15T12:25:59","slug":"pedersen-halk-meclisi-secimleri-yuksek-komitesinin-kurulmasina-iliskin-kararnameyi-memnuniyetle-karsiladi","status":"publish","type":"post","link":"https:\/\/archive.sana.sy\/tr\/?p=323144","title":{"rendered":"Pedersen, Halk Meclisi Se\u00e7imleri Y\u00fcksek Komitesi&#8217;nin kurulmas\u0131na \u0130li\u015fkin Kararnameyi Memnuniyetle Kar\u015f\u0131lad\u0131"},"content":{"rendered":"<p style=\"text-align: justify;\"><span style=\"color: #ff0000;\"><strong>NEW YORK (SANA)<\/strong> <\/span>&#8211; BM Suriye \u00d6zel Temsilcisi Geir Pedersen, bug\u00fcn Cumhurba\u015fkan\u0131 Ahmed WEl \u015eara&#8217;n\u0131n Halk Meclisi Se\u00e7imleri Y\u00fcksek Komitesi&#8217;ni kurma karar\u0131n\u0131 memnuniyetle kar\u015f\u0131lad\u0131.<\/p>\n<p style=\"text-align: justify;\">X platformunda yapt\u0131\u011f\u0131 payla\u015f\u0131mda Pedersen, kararnameyi, \u00fcyelerinin \u00fc\u00e7te ikisinin do\u011frudan se\u00e7ilece\u011fi, ge\u00e7i\u015f yasama organ\u0131 olarak yeni bir Halk Meclisi kurulmas\u0131n\u0131 \u00f6ng\u00f6ren Anayasa Bildirgesi do\u011frultusunda \u00f6nemli bir ad\u0131m olarak nitelendirdi.<\/p>\n<p style=\"text-align: justify;\">Pedersen, Y\u00fcksek Se\u00e7im Kurulu&#8217;nu, Halk Meclisi&#8217;nin kurulu\u015f s\u00fcrecinde &#8220;kapsay\u0131c\u0131l\u0131k, \u015feffafl\u0131k&#8221; ve a\u00e7\u0131kl\u0131k y\u00f6n\u00fcnde \u00f6nemli \u00e7abalar g\u00f6stermeye, meclisin siyasi uzla\u015f\u0131ya zemin olu\u015fturmas\u0131n\u0131 sa\u011flamaya te\u015fvik etti\u011fini kaydetti.<\/p>\n<p style=\"text-align: justify;\">Payla\u015f\u0131mda ayr\u0131ca Pederson, &#8220;kad\u0131nlar\u0131n bu s\u00fcre\u00e7te etkili kat\u0131l\u0131m\u0131n\u0131 ve temsilini sa\u011flayacak \u00f6nlemlerin al\u0131nmas\u0131n\u0131 da te\u015fvik ediyor&#8221; ifadelerine yer verildi.<\/p>\n<p style=\"text-align: justify;\">Pedersen, Suriyelilerin her kesiminden insanlarla etkile\u015fime ge\u00e7erek bu geli\u015fmelere ili\u015fkin bak\u0131\u015f a\u00e7\u0131lar\u0131n\u0131 ve siyasi s\u00fcrece ili\u015fkin daha geni\u015f beklentilerini duymak i\u00e7in sab\u0131rs\u0131zland\u0131\u011f\u0131n\u0131 da belirtti.<\/p>\n","protected":false},"excerpt":{"rendered":"<p>NEW YORK (SANA) &#8211; BM Suriye \u00d6zel Temsilcisi Geir Pedersen, bug\u00fcn Cumhurba\u015fkan\u0131 Ahmed WEl \u015eara&#8217;n\u0131n Halk Meclisi Se\u00e7imleri Y\u00fcksek Komitesi&#8217;ni kurma karar\u0131n\u0131 memnuniyetle kar\u015f\u0131lad\u0131. X platformunda yapt\u0131\u011f\u0131 payla\u015f\u0131mda Pedersen, kararnameyi, \u00fcyelerinin \u00fc\u00e7te ikisinin do\u011frudan se\u00e7ilece\u011fi, ge\u00e7i\u015f yasama organ\u0131 olarak yeni bir Halk Meclisi kurulmas\u0131n\u0131 \u00f6ng\u00f6ren Anayasa Bildirgesi do\u011frultusunda \u00f6nemli bir ad\u0131m olarak nitelendirdi. Pedersen, Y\u00fcksek &hellip;<\/p>\n","protected":false},"author":36,"featured_media":323145,"comment_status":"closed","ping_status":"closed","sticky":false,"template":"","format":"standard","meta":{"footnotes":""},"categories":[458,589,459,17988],"tags":[],"class_list":["post-323144","post","type-post","status-publish","format-standard","has-post-thumbnail","","category-dunya1","category-haber-seridi","category-haberler-arap-uluslararasi-politika","category-son-haberler"],"_links":{"self":[{"href":"https:\/\/archive.sana.sy\/tr\/index.php?rest_route=\/wp\/v2\/posts\/323144","targetHints":{"allow":["GET"]}}],"collection":[{"href":"https:\/\/archive.sana.sy\/tr\/index.php?rest_route=\/wp\/v2\/posts"}],"about":[{"href":"https:\/\/archive.sana.sy\/tr\/index.php?rest_route=\/wp\/v2\/types\/post"}],"author":[{"embeddable":true,"href":"https:\/\/archive.sana.sy\/tr\/index.php?rest_route=\/wp\/v2\/users\/36"}],"replies":[{"embeddable":true,"href":"https:\/\/archive.sana.sy\/tr\/index.php?rest_route=%2Fwp%2Fv2%2Fcomments&post=323144"}],"version-history":[{"count":3,"href":"https:\/\/archive.sana.sy\/tr\/index.php?rest_route=\/wp\/v2\/posts\/323144\/revisions"}],"predecessor-version":[{"id":323161,"href":"https:\/\/archive.sana.sy\/tr\/index.php?rest_route=\/wp\/v2\/posts\/323144\/revisions\/323161"}],"wp:featuredmedia":[{"embeddable":true,"href":"https:\/\/archive.sana.sy\/tr\/index.php?rest_route=\/wp\/v2\/media\/323145"}],"wp:attachment":[{"href":"https:\/\/archive.sana.sy\/tr\/index.php?rest_route=%2Fwp%2Fv2%2Fmedia&parent=323144"}],"wp:term":[{"taxonomy":"category","embeddable":true,"href":"https:\/\/archive.sana.sy\/tr\/index.php?rest_route=%2Fwp%2Fv2%2Fcategories&post=323144"},{"taxonomy":"post_tag","embeddable":true,"href":"https:\/\/archive.sana.sy\/tr\/index.php?rest_route=%2Fwp%2Fv2%2Ftags&post=323144"}],"curies":[{"name":"wp","href":"https:\/\/api.w.org\/{rel}","templated":true}]}}