{"id":323147,"date":"2025-06-15T13:48:03","date_gmt":"2025-06-15T10:48:03","guid":{"rendered":"https:\/\/sana.sy\/tr\/?p=323147"},"modified":"2025-06-15T15:23:52","modified_gmt":"2025-06-15T12:23:52","slug":"tartus-kirsalinda-nereden-geldigi-bilinmeyen-bir-drone-patladi","status":"publish","type":"post","link":"https:\/\/archive.sana.sy\/tr\/?p=323147","title":{"rendered":"Tartus k\u0131rsal\u0131nda Nereden Geldi\u011fi Bilinmeyen Bir \u0130HA Patlad\u0131"},"content":{"rendered":"<p style=\"text-align: justify;\"><span style=\"color: #ff0000;\"><strong>TARTUS (SANA)<\/strong> <\/span>&#8211; Tartus \u0130li Safita k\u0131rsal\u0131ndaki El Tali&#8217;i k\u00f6y\u00fcnde nereden geldi\u011fi bilinmeyen bir insans\u0131z hava arac\u0131n\u0131n patlamas\u0131 sonucu bir ev tamamen yand\u0131, evde ya\u015fayan bir kad\u0131nda ciddi yan\u0131klar olu\u015ftu.<\/p>\n<p style=\"text-align: justify;\">Tartus Valili\u011fi&#8217;nin Telegram kanal\u0131 \u00fczerinden yapt\u0131\u011f\u0131 a\u00e7\u0131klamaya g\u00f6re, yaral\u0131 kad\u0131n tedavi i\u00e7in Tartus Devlet Hastanesi&#8217;ne kald\u0131r\u0131l\u0131rken, Safita \u0130tfaiyesi, yerel halkla i\u015fbirli\u011fi yaparak, nereden geldi\u011fi bilinmeyen bir insans\u0131z hava arac\u0131n\u0131n patlamas\u0131 sonucu evde \u00e7\u0131kan yang\u0131n\u0131 s\u00f6nd\u00fcrd\u00fc.<\/p>\n<div id='gallery-1' class='gallery galleryid-323147 gallery-columns-3 gallery-size-full'><figure class='gallery-item'>\n\t\t\t<div class='gallery-icon landscape'>\n\t\t\t\t<a href='https:\/\/archive.sana.sy\/tr\/wp-content\/uploads\/2025\/06\/photo_2025-06-15_12-49-34.jpg'><img loading=\"lazy\" decoding=\"async\" width=\"660\" height=\"440\" src=\"https:\/\/archive.sana.sy\/tr\/wp-content\/uploads\/2025\/06\/photo_2025-06-15_12-49-34.jpg\" class=\"attachment-full size-full\" alt=\"\" srcset=\"https:\/\/archive.sana.sy\/tr\/wp-content\/uploads\/2025\/06\/photo_2025-06-15_12-49-34.jpg 660w, https:\/\/archive.sana.sy\/tr\/wp-content\/uploads\/2025\/06\/photo_2025-06-15_12-49-34-300x200.jpg 300w\" sizes=\"auto, (max-width: 660px) 100vw, 660px\" \/><\/a>\n\t\t\t<\/div><\/figure><figure class='gallery-item'>\n\t\t\t<div class='gallery-icon landscape'>\n\t\t\t\t<a href='https:\/\/archive.sana.sy\/tr\/wp-content\/uploads\/2025\/06\/photo_2025-06-15_12-49-34-3.jpg'><img loading=\"lazy\" decoding=\"async\" width=\"660\" height=\"440\" src=\"https:\/\/archive.sana.sy\/tr\/wp-content\/uploads\/2025\/06\/photo_2025-06-15_12-49-34-3.jpg\" class=\"attachment-full size-full\" alt=\"\" srcset=\"https:\/\/archive.sana.sy\/tr\/wp-content\/uploads\/2025\/06\/photo_2025-06-15_12-49-34-3.jpg 660w, https:\/\/archive.sana.sy\/tr\/wp-content\/uploads\/2025\/06\/photo_2025-06-15_12-49-34-3-300x200.jpg 300w\" sizes=\"auto, (max-width: 660px) 100vw, 660px\" \/><\/a>\n\t\t\t<\/div><\/figure><figure class='gallery-item'>\n\t\t\t<div class='gallery-icon landscape'>\n\t\t\t\t<a href='https:\/\/archive.sana.sy\/tr\/wp-content\/uploads\/2025\/06\/photo_2025-06-15_12-49-34-4.jpg'><img loading=\"lazy\" decoding=\"async\" width=\"660\" height=\"440\" src=\"https:\/\/archive.sana.sy\/tr\/wp-content\/uploads\/2025\/06\/photo_2025-06-15_12-49-34-4.jpg\" class=\"attachment-full size-full\" alt=\"\" srcset=\"https:\/\/archive.sana.sy\/tr\/wp-content\/uploads\/2025\/06\/photo_2025-06-15_12-49-34-4.jpg 660w, https:\/\/archive.sana.sy\/tr\/wp-content\/uploads\/2025\/06\/photo_2025-06-15_12-49-34-4-300x200.jpg 300w\" sizes=\"auto, (max-width: 660px) 100vw, 660px\" \/><\/a>\n\t\t\t<\/div><\/figure>\n\t\t<\/div>\n\n","protected":false},"excerpt":{"rendered":"<p>TARTUS (SANA) &#8211; Tartus \u0130li Safita k\u0131rsal\u0131ndaki El Tali&#8217;i k\u00f6y\u00fcnde nereden geldi\u011fi bilinmeyen bir insans\u0131z hava arac\u0131n\u0131n patlamas\u0131 sonucu bir ev tamamen yand\u0131, evde ya\u015fayan bir kad\u0131nda ciddi yan\u0131klar olu\u015ftu. Tartus Valili\u011fi&#8217;nin Telegram kanal\u0131 \u00fczerinden yapt\u0131\u011f\u0131 a\u00e7\u0131klamaya g\u00f6re, yaral\u0131 kad\u0131n tedavi i\u00e7in Tartus Devlet Hastanesi&#8217;ne kald\u0131r\u0131l\u0131rken, Safita \u0130tfaiyesi, yerel halkla i\u015fbirli\u011fi yaparak, nereden geldi\u011fi bilinmeyen &hellip;<\/p>\n","protected":false},"author":36,"featured_media":323151,"comment_status":"closed","ping_status":"closed","sticky":false,"template":"","format":"standard","meta":{"footnotes":""},"categories":[596,589,479,575,17988,478],"tags":[],"class_list":["post-323147","post","type-post","status-publish","format-standard","has-post-thumbnail","","category-fotografli-raporlar","category-haber-seridi","category-haberler-yerel","category-olaylar-ve-gercekler","category-son-haberler","category-yerel"],"_links":{"self":[{"href":"https:\/\/archive.sana.sy\/tr\/index.php?rest_route=\/wp\/v2\/posts\/323147","targetHints":{"allow":["GET"]}}],"collection":[{"href":"https:\/\/archive.sana.sy\/tr\/index.php?rest_route=\/wp\/v2\/posts"}],"about":[{"href":"https:\/\/archive.sana.sy\/tr\/index.php?rest_route=\/wp\/v2\/types\/post"}],"author":[{"embeddable":true,"href":"https:\/\/archive.sana.sy\/tr\/index.php?rest_route=\/wp\/v2\/users\/36"}],"replies":[{"embeddable":true,"href":"https:\/\/archive.sana.sy\/tr\/index.php?rest_route=%2Fwp%2Fv2%2Fcomments&post=323147"}],"version-history":[{"count":3,"href":"https:\/\/archive.sana.sy\/tr\/index.php?rest_route=\/wp\/v2\/posts\/323147\/revisions"}],"predecessor-version":[{"id":323159,"href":"https:\/\/archive.sana.sy\/tr\/index.php?rest_route=\/wp\/v2\/posts\/323147\/revisions\/323159"}],"wp:featuredmedia":[{"embeddable":true,"href":"https:\/\/archive.sana.sy\/tr\/index.php?rest_route=\/wp\/v2\/media\/323151"}],"wp:attachment":[{"href":"https:\/\/archive.sana.sy\/tr\/index.php?rest_route=%2Fwp%2Fv2%2Fmedia&parent=323147"}],"wp:term":[{"taxonomy":"category","embeddable":true,"href":"https:\/\/archive.sana.sy\/tr\/index.php?rest_route=%2Fwp%2Fv2%2Fcategories&post=323147"},{"taxonomy":"post_tag","embeddable":true,"href":"https:\/\/archive.sana.sy\/tr\/index.php?rest_route=%2Fwp%2Fv2%2Ftags&post=323147"}],"curies":[{"name":"wp","href":"https:\/\/api.w.org\/{rel}","templated":true}]}}