{"id":32315,"date":"2015-05-06T22:10:40","date_gmt":"2015-05-06T19:10:40","guid":{"rendered":"http:\/\/sana.sy\/tr\/?p=32315"},"modified":"2015-05-07T17:39:39","modified_gmt":"2015-05-07T14:39:39","slug":"suriye-kacinilmaz-zaferine-dogru-emin-ve-sabit-adimlarla-ilerliyor","status":"publish","type":"post","link":"https:\/\/archive.sana.sy\/tr\/?p=32315","title":{"rendered":"Suriye Ka\u00e7\u0131n\u0131lmaz Zaferine Do\u011fru Emin ve Sabit Ad\u0131mlarla \u0130lerliyor"},"content":{"rendered":"<p>\u015eAM \u2013 Ordu ve Silahl\u0131 Kuvvetler Genel Komutan\u0131 Orgeneral Be\u015f\u015far el Esad\u2019\u0131n y\u00f6nlendirmeleri do\u011frultusunda genel komutan yard\u0131mc\u0131s\u0131 ve Savunma Bakan\u0131 Korgeneral Fahd Casim el Freyc 6 May\u0131s \u015eehitler G\u00fcn\u00fc m\u00fcnasebetiyle bug\u00fcn genel komutanl\u0131kta \u00fcst d\u00fczey general ve subaylar\u0131n e\u015fli\u011finde ordu birliklerimize saha gezisinde bulundu.<\/p>\n<p>Asker ve saha komutanlar\u0131yla bir araya gelen Korgeneral Freyc bu m\u00fcnasebetle el Esad\u2019\u0131n selam ve iyi dileklerini iletti. Freyc askerlerimizin durumlar\u0131n\u0131 yak\u0131ndan incelerken, ter\u00f6r \u00e7etelerine ait kar\u015f\u0131 sava\u015fta al\u0131nan \u00f6nlem ve icraatlar\u0131 g\u00f6zden ge\u00e7irdi.<\/p>\n<p>Savunma Bakan\u0131 Freyc Suriye halk\u0131 ve genel komutanl\u0131\u011f\u0131n ordu birliklerimizin ter\u00f6re kar\u015f\u0131 sava\u015fta sergiledi\u011fi kahramanl\u0131k ve bulundu\u011fu \u00f6zverilerle duydu\u011fu gururu ifade ederken; askerlerin sahip olduklar\u0131 y\u00fcksek moral ve ter\u00f6re kar\u015f\u0131 m\u00fccadele azimlerinin takdire \u015fayan oldu\u011funu vurgulad\u0131.<\/p>\n<p>Suriye&#8217;nin kan\u0131lmaz zaferine do\u011fru emin ve sabit ad\u0131mlarla ilerledi\u011fini belirten Korgeneral Freyc; bu y\u00f6ndeki ad\u0131mlar\u0131nda kendisine ve halk\u0131na y\u00f6nelik y\u00fcr\u00fct\u00fclmekte olan kas\u0131tl\u0131 spek\u00fclasyon propagandas\u0131 ve psikolojik sava\u015f\u0131na kulak asmad\u0131\u011f\u0131n\u0131n alt\u0131n\u0131 \u00e7izdi.<\/p>\n<p>Ziyaretinin sonunda saha komutanlar\u0131m\u0131z\u0131 ter\u00f6re kar\u015f\u0131 sava\u015fta ulusal g\u00f6rev ve sorumluluklar\u0131n\u0131 \u00fcstlenmeye ayn\u0131 d\u00fczeyde s\u00fcrd\u00fcrme davetinde bulunan Freyc; yurdun her kar\u0131\u015f topra\u011f\u0131nda halk\u0131n g\u00fcven ve istikrar\u0131n\u0131n sa\u011flanmas\u0131na dek ter\u00f6re kar\u015f\u0131 sava\u015f\u0131n devam edece\u011fini vurgulad\u0131.<\/p>\n<p><span style=\"color: #0000ff\">Savunma Bakan\u0131 ve Genelkurmay Ba\u015fkan\u0131 \u015eehit Ailelerini \u00d6d\u00fcllendirdi<\/span><\/p>\n<p>Di\u011fer yandan Savunma Bakan\u0131 Korgeneral Freyc ve Genelkurmay Ba\u015fkan\u0131 Korgeneral Ali Abdullah Eyy\u00fcp 6 May\u0131s \u015eehitler G\u00fcn\u00fc m\u00fcnasebetiyle \u015fehit ailelerini onurland\u0131rma t\u00f6renine kat\u0131ld\u0131lar.<\/p>\n<p>T\u00f6rende konu\u015fan Freyc; \u015fehit kanlar\u0131n\u0131n Suriye&#8217;nin ter\u00f6re kar\u015f\u0131 zaferinin yolunu resmetti\u011fini ve vatan\u0131 hedef alan d\u00fc\u015fmanc\u0131 planlar ve komplolar\u0131n \u00fcst\u00fcnde par\u00e7aland\u0131\u011f\u0131 bir kalkan olu\u015fturdu\u011funu belirtti.<\/p>\n<p><span style=\"color: #0000ff\">Ordu Birliklerimiz \u015eehitler G\u00fcn\u00fcn\u00fc Etkinliklerle Kutlad\u0131<\/span><\/p>\n<p>6 May\u0131s \u015eehitler G\u00fcn\u00fc M\u00fcnasebetiyle yurdun muhtelif b\u00f6lgelerinde ordu birliklerimizin d\u00fczenledikleri etkinliklerde yap\u0131lan konu\u015fmalarda ise 6 May\u0131s\u0131n, kahramanl\u0131k, cesaret ve yi\u011fitlikte \u00f6rnek al\u0131nan bir tarih olarak kalaca\u011f\u0131n\u0131 vurgulad\u0131. Konu\u015fmac\u0131lar \u015fehit kanlar\u0131n\u0131n kesinlikle heder gitmeyece\u011fini; zul\u00fcm ve ihtilala kar\u015f\u0131 m\u00fccadelede yolumuzu ayd\u0131nlatan g\u00fc\u00e7l\u00fc me\u015faleler olarak kalaca\u011f\u0131n\u0131n alt\u0131n\u0131 \u00e7izdiler.<\/p>\n<p>Di\u011fer yandan ordu birliklerimizde general ve subaylar ayn\u0131 m\u00fcnasebetle muhtelif b\u00f6lgelerdeki askeri hastanelerde tedavi g\u00f6ren yaral\u0131 askerlerimize ge\u00e7im olsun ziyaretlerinde bulundu.<\/p>\n<p>&nbsp;<\/p>\n<div id='gallery-1' class='gallery galleryid-32315 gallery-columns-3 gallery-size-thumbnail'><figure class='gallery-item'>\n\t\t\t<div class='gallery-icon landscape'>\n\t\t\t\t<a href='https:\/\/archive.sana.sy\/tr\/wp-content\/uploads\/2015\/05\/Freyc.jpg-8.jpg'><img loading=\"lazy\" decoding=\"async\" width=\"150\" height=\"80\" src=\"https:\/\/archive.sana.sy\/tr\/wp-content\/uploads\/2015\/05\/Freyc.jpg-8-150x80.jpg\" class=\"attachment-thumbnail size-thumbnail\" alt=\"\" srcset=\"https:\/\/archive.sana.sy\/tr\/wp-content\/uploads\/2015\/05\/Freyc.jpg-8-150x80.jpg 150w, https:\/\/archive.sana.sy\/tr\/wp-content\/uploads\/2015\/05\/Freyc.jpg-8-300x160.jpg 300w, https:\/\/archive.sana.sy\/tr\/wp-content\/uploads\/2015\/05\/Freyc.jpg-8.jpg 620w\" sizes=\"auto, (max-width: 150px) 100vw, 150px\" \/><\/a>\n\t\t\t<\/div><\/figure><figure class='gallery-item'>\n\t\t\t<div class='gallery-icon landscape'>\n\t\t\t\t<a href='https:\/\/archive.sana.sy\/tr\/wp-content\/uploads\/2015\/05\/Freyc.jpg-6.jpg'><img loading=\"lazy\" decoding=\"async\" width=\"150\" height=\"99\" src=\"https:\/\/archive.sana.sy\/tr\/wp-content\/uploads\/2015\/05\/Freyc.jpg-6-150x99.jpg\" class=\"attachment-thumbnail size-thumbnail\" alt=\"\" srcset=\"https:\/\/archive.sana.sy\/tr\/wp-content\/uploads\/2015\/05\/Freyc.jpg-6-150x99.jpg 150w, https:\/\/archive.sana.sy\/tr\/wp-content\/uploads\/2015\/05\/Freyc.jpg-6-300x199.jpg 300w, https:\/\/archive.sana.sy\/tr\/wp-content\/uploads\/2015\/05\/Freyc.jpg-6.jpg 500w\" sizes=\"auto, (max-width: 150px) 100vw, 150px\" \/><\/a>\n\t\t\t<\/div><\/figure><figure class='gallery-item'>\n\t\t\t<div class='gallery-icon landscape'>\n\t\t\t\t<a href='https:\/\/archive.sana.sy\/tr\/wp-content\/uploads\/2015\/05\/Freyc.jpg-5.jpg'><img loading=\"lazy\" decoding=\"async\" width=\"150\" height=\"99\" src=\"https:\/\/archive.sana.sy\/tr\/wp-content\/uploads\/2015\/05\/Freyc.jpg-5-150x99.jpg\" class=\"attachment-thumbnail size-thumbnail\" alt=\"\" srcset=\"https:\/\/archive.sana.sy\/tr\/wp-content\/uploads\/2015\/05\/Freyc.jpg-5-150x99.jpg 150w, https:\/\/archive.sana.sy\/tr\/wp-content\/uploads\/2015\/05\/Freyc.jpg-5-300x199.jpg 300w, https:\/\/archive.sana.sy\/tr\/wp-content\/uploads\/2015\/05\/Freyc.jpg-5.jpg 500w\" sizes=\"auto, (max-width: 150px) 100vw, 150px\" \/><\/a>\n\t\t\t<\/div><\/figure><figure class='gallery-item'>\n\t\t\t<div class='gallery-icon landscape'>\n\t\t\t\t<a href='https:\/\/archive.sana.sy\/tr\/wp-content\/uploads\/2015\/05\/Freyc.jpg-4.jpg'><img loading=\"lazy\" decoding=\"async\" width=\"150\" height=\"100\" src=\"https:\/\/archive.sana.sy\/tr\/wp-content\/uploads\/2015\/05\/Freyc.jpg-4-150x100.jpg\" class=\"attachment-thumbnail size-thumbnail\" alt=\"\" srcset=\"https:\/\/archive.sana.sy\/tr\/wp-content\/uploads\/2015\/05\/Freyc.jpg-4-150x100.jpg 150w, https:\/\/archive.sana.sy\/tr\/wp-content\/uploads\/2015\/05\/Freyc.jpg-4-300x200.jpg 300w, https:\/\/archive.sana.sy\/tr\/wp-content\/uploads\/2015\/05\/Freyc.jpg-4.jpg 500w\" sizes=\"auto, (max-width: 150px) 100vw, 150px\" \/><\/a>\n\t\t\t<\/div><\/figure><figure class='gallery-item'>\n\t\t\t<div class='gallery-icon landscape'>\n\t\t\t\t<a href='https:\/\/archive.sana.sy\/tr\/wp-content\/uploads\/2015\/05\/Freyc.jpg-1.jpg'><img loading=\"lazy\" decoding=\"async\" width=\"150\" height=\"100\" src=\"https:\/\/archive.sana.sy\/tr\/wp-content\/uploads\/2015\/05\/Freyc.jpg-1-150x100.jpg\" class=\"attachment-thumbnail size-thumbnail\" alt=\"\" srcset=\"https:\/\/archive.sana.sy\/tr\/wp-content\/uploads\/2015\/05\/Freyc.jpg-1-150x100.jpg 150w, https:\/\/archive.sana.sy\/tr\/wp-content\/uploads\/2015\/05\/Freyc.jpg-1-300x200.jpg 300w, https:\/\/archive.sana.sy\/tr\/wp-content\/uploads\/2015\/05\/Freyc.jpg-1.jpg 500w\" sizes=\"auto, (max-width: 150px) 100vw, 150px\" \/><\/a>\n\t\t\t<\/div><\/figure><figure class='gallery-item'>\n\t\t\t<div class='gallery-icon landscape'>\n\t\t\t\t<a href='https:\/\/archive.sana.sy\/tr\/wp-content\/uploads\/2015\/05\/Freyc.jpg-2.jpg'><img loading=\"lazy\" decoding=\"async\" width=\"150\" height=\"100\" src=\"https:\/\/archive.sana.sy\/tr\/wp-content\/uploads\/2015\/05\/Freyc.jpg-2-150x100.jpg\" class=\"attachment-thumbnail size-thumbnail\" alt=\"\" srcset=\"https:\/\/archive.sana.sy\/tr\/wp-content\/uploads\/2015\/05\/Freyc.jpg-2-150x100.jpg 150w, https:\/\/archive.sana.sy\/tr\/wp-content\/uploads\/2015\/05\/Freyc.jpg-2-300x199.jpg 300w, https:\/\/archive.sana.sy\/tr\/wp-content\/uploads\/2015\/05\/Freyc.jpg-2.jpg 500w\" sizes=\"auto, (max-width: 150px) 100vw, 150px\" \/><\/a>\n\t\t\t<\/div><\/figure><figure class='gallery-item'>\n\t\t\t<div class='gallery-icon landscape'>\n\t\t\t\t<a href='https:\/\/archive.sana.sy\/tr\/wp-content\/uploads\/2015\/05\/Freyc.jpg-3.jpg'><img loading=\"lazy\" decoding=\"async\" width=\"150\" height=\"100\" src=\"https:\/\/archive.sana.sy\/tr\/wp-content\/uploads\/2015\/05\/Freyc.jpg-3-150x100.jpg\" class=\"attachment-thumbnail size-thumbnail\" alt=\"\" srcset=\"https:\/\/archive.sana.sy\/tr\/wp-content\/uploads\/2015\/05\/Freyc.jpg-3-150x100.jpg 150w, https:\/\/archive.sana.sy\/tr\/wp-content\/uploads\/2015\/05\/Freyc.jpg-3-300x200.jpg 300w, https:\/\/archive.sana.sy\/tr\/wp-content\/uploads\/2015\/05\/Freyc.jpg-3.jpg 500w\" sizes=\"auto, (max-width: 150px) 100vw, 150px\" \/><\/a>\n\t\t\t<\/div><\/figure>\n\t\t<\/div>\n\n<p>https:\/\/www.youtube.com\/watch?v=DaOqeK6YfUM<\/p>\n<p>A.A. &#8211; M.M.<\/p>\n","protected":false},"excerpt":{"rendered":"<p>\u015eAM \u2013 Ordu ve Silahl\u0131 Kuvvetler Genel Komutan\u0131 Orgeneral Be\u015f\u015far el Esad\u2019\u0131n y\u00f6nlendirmeleri do\u011frultusunda genel komutan yard\u0131mc\u0131s\u0131 ve Savunma Bakan\u0131 Korgeneral Fahd Casim el Freyc 6 May\u0131s \u015eehitler G\u00fcn\u00fc m\u00fcnasebetiyle bug\u00fcn genel komutanl\u0131kta \u00fcst d\u00fczey general ve subaylar\u0131n e\u015fli\u011finde ordu birliklerimize saha gezisinde bulundu. Asker ve saha komutanlar\u0131yla bir araya gelen Korgeneral Freyc bu m\u00fcnasebetle &hellip;<\/p>\n","protected":false},"author":1,"featured_media":32323,"comment_status":"closed","ping_status":"closed","sticky":false,"template":"","format":"standard","meta":{"footnotes":""},"categories":[479,478],"tags":[14342],"class_list":["post-32315","post","type-post","status-publish","format-standard","has-post-thumbnail","","category-haberler-yerel","category-yerel","tag-suriye-kacinilmaz-zaferine-dogru-emin-ve-sabit-adimlarla-ilerliyor"],"_links":{"self":[{"href":"https:\/\/archive.sana.sy\/tr\/index.php?rest_route=\/wp\/v2\/posts\/32315","targetHints":{"allow":["GET"]}}],"collection":[{"href":"https:\/\/archive.sana.sy\/tr\/index.php?rest_route=\/wp\/v2\/posts"}],"about":[{"href":"https:\/\/archive.sana.sy\/tr\/index.php?rest_route=\/wp\/v2\/types\/post"}],"author":[{"embeddable":true,"href":"https:\/\/archive.sana.sy\/tr\/index.php?rest_route=\/wp\/v2\/users\/1"}],"replies":[{"embeddable":true,"href":"https:\/\/archive.sana.sy\/tr\/index.php?rest_route=%2Fwp%2Fv2%2Fcomments&post=32315"}],"version-history":[{"count":0,"href":"https:\/\/archive.sana.sy\/tr\/index.php?rest_route=\/wp\/v2\/posts\/32315\/revisions"}],"wp:featuredmedia":[{"embeddable":true,"href":"https:\/\/archive.sana.sy\/tr\/index.php?rest_route=\/wp\/v2\/media\/32323"}],"wp:attachment":[{"href":"https:\/\/archive.sana.sy\/tr\/index.php?rest_route=%2Fwp%2Fv2%2Fmedia&parent=32315"}],"wp:term":[{"taxonomy":"category","embeddable":true,"href":"https:\/\/archive.sana.sy\/tr\/index.php?rest_route=%2Fwp%2Fv2%2Fcategories&post=32315"},{"taxonomy":"post_tag","embeddable":true,"href":"https:\/\/archive.sana.sy\/tr\/index.php?rest_route=%2Fwp%2Fv2%2Ftags&post=32315"}],"curies":[{"name":"wp","href":"https:\/\/api.w.org\/{rel}","templated":true}]}}