{"id":323153,"date":"2025-06-15T14:12:34","date_gmt":"2025-06-15T11:12:34","guid":{"rendered":"https:\/\/sana.sy\/tr\/?p=323153"},"modified":"2025-06-15T18:42:56","modified_gmt":"2025-06-15T15:42:56","slug":"ulastirma-ve-bilisim-teknolojileri-bakani-barq-net-projesinin-baslatildigini-ilan-etti","status":"publish","type":"post","link":"https:\/\/archive.sana.sy\/tr\/?p=323153","title":{"rendered":"Ula\u015ft\u0131rma ve Bili\u015fim Teknolojileri Bakan\u0131, &#8220;Barq Net&#8221; Projesinin Ba\u015flat\u0131ld\u0131\u011f\u0131n\u0131 Duyurdu"},"content":{"rendered":"<p style=\"text-align: justify;\"><span style=\"color: #ff0000;\"><strong>\u015eAM (SANA)<\/strong> <\/span>&#8211; \u0130leti\u015fim ve Enformasyon Teknolojileri Bakan\u0131 Abdusselam Heykel, \u00fclke genelindeki t\u00fcm ev ve ofisleri fiber optik \u015febekeye ba\u011flayarak, \u015febeke kapsama alan\u0131n\u0131n zor oldu\u011fu b\u00f6lgelerde sabit hat ba\u011flant\u0131lar\u0131na benzer kalitede kablosuz \u00e7\u00f6z\u00fcmler sunacak &#8220;Barq Net&#8221; projesinin ba\u015flat\u0131ld\u0131\u011f\u0131n\u0131 duyurdu.<\/p>\n<p style=\"text-align: justify;\">Bakan Heykel, X platformunda yapt\u0131\u011f\u0131 payla\u015f\u0131mda, projenin her Suriye vatanda\u015f\u0131na temel bir hak ve ya\u015fam kalitesi, kalk\u0131nma ve refah\u0131n itici g\u00fcc\u00fc olarak &#8220;y\u0131ld\u0131r\u0131m h\u0131z\u0131nda internet&#8221; sa\u011flamay\u0131 ama\u00e7lad\u0131\u011f\u0131n\u0131 belirtirken, uygulaman\u0131n, m\u00fcmk\u00fcn olan en k\u0131sa s\u00fcrede yayg\u0131n kapsamay\u0131 hedefleyen bir plan\u0131n par\u00e7as\u0131 olarak \u00f6n\u00fcm\u00fczdeki birka\u00e7 hafta i\u00e7inde ba\u015flayaca\u011f\u0131n\u0131 belirtti.<\/p>\n<p style=\"text-align: justify;\">\u0130leti\u015fim ve Enformasyon Teknolojileri Bakan\u0131 Abdusselam Heykel ayr\u0131ca, &#8220;Bug\u00fcn, \u00fclkemizin her evine ve ofisine, fiber uzatman\u0131n m\u00fcmk\u00fcn olmad\u0131\u011f\u0131 yerlerde sabit kalitede kablosuz \u00e7\u00f6z\u00fcmlerle optik fiber ula\u015ft\u0131rmak amac\u0131yla &#8220;Barq Net&#8221; projesini duyuruyoruz&#8221; ifadelerini kulland\u0131.<\/p>\n","protected":false},"excerpt":{"rendered":"<p>\u015eAM (SANA) &#8211; \u0130leti\u015fim ve Enformasyon Teknolojileri Bakan\u0131 Abdusselam Heykel, \u00fclke genelindeki t\u00fcm ev ve ofisleri fiber optik \u015febekeye ba\u011flayarak, \u015febeke kapsama alan\u0131n\u0131n zor oldu\u011fu b\u00f6lgelerde sabit hat ba\u011flant\u0131lar\u0131na benzer kalitede kablosuz \u00e7\u00f6z\u00fcmler sunacak &#8220;Barq Net&#8221; projesinin ba\u015flat\u0131ld\u0131\u011f\u0131n\u0131 duyurdu. Bakan Heykel, X platformunda yapt\u0131\u011f\u0131 payla\u015f\u0131mda, projenin her Suriye vatanda\u015f\u0131na temel bir hak ve ya\u015fam kalitesi, &hellip;<\/p>\n","protected":false},"author":36,"featured_media":323154,"comment_status":"closed","ping_status":"closed","sticky":false,"template":"","format":"standard","meta":{"footnotes":""},"categories":[589,479,17988,478],"tags":[],"class_list":["post-323153","post","type-post","status-publish","format-standard","has-post-thumbnail","","category-haber-seridi","category-haberler-yerel","category-son-haberler","category-yerel"],"_links":{"self":[{"href":"https:\/\/archive.sana.sy\/tr\/index.php?rest_route=\/wp\/v2\/posts\/323153","targetHints":{"allow":["GET"]}}],"collection":[{"href":"https:\/\/archive.sana.sy\/tr\/index.php?rest_route=\/wp\/v2\/posts"}],"about":[{"href":"https:\/\/archive.sana.sy\/tr\/index.php?rest_route=\/wp\/v2\/types\/post"}],"author":[{"embeddable":true,"href":"https:\/\/archive.sana.sy\/tr\/index.php?rest_route=\/wp\/v2\/users\/36"}],"replies":[{"embeddable":true,"href":"https:\/\/archive.sana.sy\/tr\/index.php?rest_route=%2Fwp%2Fv2%2Fcomments&post=323153"}],"version-history":[{"count":5,"href":"https:\/\/archive.sana.sy\/tr\/index.php?rest_route=\/wp\/v2\/posts\/323153\/revisions"}],"predecessor-version":[{"id":323181,"href":"https:\/\/archive.sana.sy\/tr\/index.php?rest_route=\/wp\/v2\/posts\/323153\/revisions\/323181"}],"wp:featuredmedia":[{"embeddable":true,"href":"https:\/\/archive.sana.sy\/tr\/index.php?rest_route=\/wp\/v2\/media\/323154"}],"wp:attachment":[{"href":"https:\/\/archive.sana.sy\/tr\/index.php?rest_route=%2Fwp%2Fv2%2Fmedia&parent=323153"}],"wp:term":[{"taxonomy":"category","embeddable":true,"href":"https:\/\/archive.sana.sy\/tr\/index.php?rest_route=%2Fwp%2Fv2%2Fcategories&post=323153"},{"taxonomy":"post_tag","embeddable":true,"href":"https:\/\/archive.sana.sy\/tr\/index.php?rest_route=%2Fwp%2Fv2%2Ftags&post=323153"}],"curies":[{"name":"wp","href":"https:\/\/api.w.org\/{rel}","templated":true}]}}