{"id":323164,"date":"2025-06-15T15:34:29","date_gmt":"2025-06-15T12:34:29","guid":{"rendered":"https:\/\/sana.sy\/tr\/?p=323164"},"modified":"2025-06-15T16:19:13","modified_gmt":"2025-06-15T13:19:13","slug":"suriye-havayollari-bugun-sam-istanbul-arasinda-gerceklestirecegi-iki-seferin-sefer-saatlerini-degistirdi","status":"publish","type":"post","link":"https:\/\/archive.sana.sy\/tr\/?p=323164","title":{"rendered":"Suriye Havayollar\u0131, Bug\u00fcn \u015eam-\u0130stanbul Aras\u0131nda Ger\u00e7ekle\u015ftirece\u011fi \u0130ki Seferin Sefer Saatlerini De\u011fi\u015ftirdi"},"content":{"rendered":"<p style=\"text-align: justify;\"><strong><span style=\"color: #ff0000;\">\u015eAM (SANA)<\/span> &#8211;<\/strong> \u00a0 \u00a0Suriye Havayollar\u0131 bug\u00fcn \u015eam ile \u0130stanbul aras\u0131ndaki 443\/444 seferlerinin tarifelerinde de\u011fi\u015fiklik yapt\u0131\u011f\u0131n\u0131 duyurdu ve faaliyet g\u00f6sterdikleri hava sahas\u0131n\u0131n g\u00fcvenli oldu\u011funu vurgulad\u0131.<\/p>\n<p style=\"text-align: justify;\">Suriye Havayollar\u0131, 15 Haziran Pazar g\u00fcn\u00fc 443\/444 (\u015eam-\u0130stanbul-\u015eam) seferlerinin yolcular\u0131na \u015funlar\u0131 bildirdi: \u2018\u2019\u015eam&#8217;dan kalk\u0131\u015f saatleri 15:40 olarak de\u011fi\u015ftirildi ve \u0130stanbul&#8217;a var\u0131\u015flar 18:20 olarak belirlendi. Bu arada \u0130stanbul&#8217;dan kalk\u0131\u015f saatleri 19:20 ve \u015eam&#8217;a var\u0131\u015flar 21:40 olarak belirlendi.\u2019\u2019<\/p>\n<p style=\"text-align: justify;\">Havayolu ayr\u0131ca, bu u\u00e7u\u015fun muaf tutuldu\u011funu ve faaliyet g\u00f6sterdi\u011fi hava sahas\u0131n\u0131n tamamen g\u00fcvenli olmas\u0131 ve herhangi bir tehlike olu\u015fturmamas\u0131 nedeniyle ger\u00e7ekle\u015ftirildi\u011fini a\u00e7\u0131klad\u0131.<\/p>\n<p style=\"text-align: justify;\">Havayolu \u015firketi, yolcular\u0131 prosed\u00fcrleri kolayla\u015ft\u0131rmak i\u00e7in u\u00e7u\u015flar\u0131ndan \u00e7ok \u00f6nce havaliman\u0131na gelmeleri konusunda da uyard\u0131.<\/p>\n","protected":false},"excerpt":{"rendered":"<p>\u015eAM (SANA) &#8211; \u00a0 \u00a0Suriye Havayollar\u0131 bug\u00fcn \u015eam ile \u0130stanbul aras\u0131ndaki 443\/444 seferlerinin tarifelerinde de\u011fi\u015fiklik yapt\u0131\u011f\u0131n\u0131 duyurdu ve faaliyet g\u00f6sterdikleri hava sahas\u0131n\u0131n g\u00fcvenli oldu\u011funu vurgulad\u0131. Suriye Havayollar\u0131, 15 Haziran Pazar g\u00fcn\u00fc 443\/444 (\u015eam-\u0130stanbul-\u015eam) seferlerinin yolcular\u0131na \u015funlar\u0131 bildirdi: \u2018\u2019\u015eam&#8217;dan kalk\u0131\u015f saatleri 15:40 olarak de\u011fi\u015ftirildi ve \u0130stanbul&#8217;a var\u0131\u015flar 18:20 olarak belirlendi. Bu arada \u0130stanbul&#8217;dan kalk\u0131\u015f saatleri 19:20 &hellip;<\/p>\n","protected":false},"author":36,"featured_media":323165,"comment_status":"closed","ping_status":"closed","sticky":false,"template":"","format":"standard","meta":{"footnotes":""},"categories":[589,479,17988,478],"tags":[1132],"class_list":["post-323164","post","type-post","status-publish","format-standard","has-post-thumbnail","","category-haber-seridi","category-haberler-yerel","category-son-haberler","category-yerel","tag-halep"],"_links":{"self":[{"href":"https:\/\/archive.sana.sy\/tr\/index.php?rest_route=\/wp\/v2\/posts\/323164","targetHints":{"allow":["GET"]}}],"collection":[{"href":"https:\/\/archive.sana.sy\/tr\/index.php?rest_route=\/wp\/v2\/posts"}],"about":[{"href":"https:\/\/archive.sana.sy\/tr\/index.php?rest_route=\/wp\/v2\/types\/post"}],"author":[{"embeddable":true,"href":"https:\/\/archive.sana.sy\/tr\/index.php?rest_route=\/wp\/v2\/users\/36"}],"replies":[{"embeddable":true,"href":"https:\/\/archive.sana.sy\/tr\/index.php?rest_route=%2Fwp%2Fv2%2Fcomments&post=323164"}],"version-history":[{"count":5,"href":"https:\/\/archive.sana.sy\/tr\/index.php?rest_route=\/wp\/v2\/posts\/323164\/revisions"}],"predecessor-version":[{"id":323175,"href":"https:\/\/archive.sana.sy\/tr\/index.php?rest_route=\/wp\/v2\/posts\/323164\/revisions\/323175"}],"wp:featuredmedia":[{"embeddable":true,"href":"https:\/\/archive.sana.sy\/tr\/index.php?rest_route=\/wp\/v2\/media\/323165"}],"wp:attachment":[{"href":"https:\/\/archive.sana.sy\/tr\/index.php?rest_route=%2Fwp%2Fv2%2Fmedia&parent=323164"}],"wp:term":[{"taxonomy":"category","embeddable":true,"href":"https:\/\/archive.sana.sy\/tr\/index.php?rest_route=%2Fwp%2Fv2%2Fcategories&post=323164"},{"taxonomy":"post_tag","embeddable":true,"href":"https:\/\/archive.sana.sy\/tr\/index.php?rest_route=%2Fwp%2Fv2%2Ftags&post=323164"}],"curies":[{"name":"wp","href":"https:\/\/api.w.org\/{rel}","templated":true}]}}