{"id":323171,"date":"2025-06-15T15:58:11","date_gmt":"2025-06-15T12:58:11","guid":{"rendered":"https:\/\/sana.sy\/tr\/?p=323171"},"modified":"2025-06-15T16:13:08","modified_gmt":"2025-06-15T13:13:08","slug":"suriye-turkiye-arasinda-yeni-egitim-ogretim-yilina-hazirlik-amaciyla-59-okulun-yenilenmesi-ve-donatilmasi-icin-gorusmeler-yapildi","status":"publish","type":"post","link":"https:\/\/archive.sana.sy\/tr\/?p=323171","title":{"rendered":"Suriye-T\u00fcrkiye Aras\u0131nda Yeni E\u011fitim \u00d6\u011fretim Y\u0131l\u0131na Haz\u0131rl\u0131k Amac\u0131yla 59 Okulun Yenilenmesi Ve Donat\u0131lmas\u0131 \u0130\u00e7in G\u00f6r\u00fc\u015fmeler Yap\u0131ld\u0131"},"content":{"rendered":"<p style=\"text-align: justify;\"><span style=\"color: #ff0000;\"><strong>\u015eAM (SANA)<\/strong><\/span> &#8211; \u00a0E\u011fitim Bakanl\u0131\u011f\u0131 Okul Binalar\u0131 M\u00fcd\u00fcr\u00fc Muhammed El Hanun, bug\u00fcn \u015eam&#8217;daki T\u00fcrk B\u00fcy\u00fckel\u00e7ili\u011fi temsilcileriyle, illerdeki 59 okulun yenilenmesi ve yeni e\u011fitim \u00f6\u011fretim y\u0131l\u0131n\u0131n ba\u015flang\u0131c\u0131 i\u00e7in donat\u0131lmas\u0131 i\u00e7in mekanizmalar\u0131 g\u00f6r\u00fc\u015ft\u00fc.<\/p>\n<p style=\"text-align: justify;\">Bug\u00fcn \u015eam&#8217;daki Bakanl\u0131kta d\u00fczenlenen toplant\u0131da El Hanun, yenileme s\u00fcrecinin 59 okulda derhal ba\u015flayaca\u011f\u0131n\u0131, kalan 100 okulun ise yakla\u015fan e\u011fitim \u00f6\u011fretim y\u0131l\u0131n\u0131n gereksinimlerine uygun \u015fekilde \u00f6\u011frenci almaya haz\u0131r olmalar\u0131n\u0131 sa\u011flamak i\u00e7in daha sonra geni\u015fletilece\u011fini belirtti.<\/p>\n<p style=\"text-align: justify;\">Bu g\u00f6r\u00fc\u015fme, illerdeki 100 okulun ihtiya\u00e7lar\u0131n\u0131n de\u011ferlendirilmesini i\u00e7eren, T\u00fcrk B\u00fcy\u00fckel\u00e7ili\u011fi ile koordinasyon halinde yap\u0131lan saha ziyaretleri yoluyla ger\u00e7ekle\u015ftirilen bir ihtiya\u00e7 de\u011ferlendirmesine dayanmaktad\u0131r.<\/p>\n","protected":false},"excerpt":{"rendered":"<p>\u015eAM (SANA) &#8211; \u00a0E\u011fitim Bakanl\u0131\u011f\u0131 Okul Binalar\u0131 M\u00fcd\u00fcr\u00fc Muhammed El Hanun, bug\u00fcn \u015eam&#8217;daki T\u00fcrk B\u00fcy\u00fckel\u00e7ili\u011fi temsilcileriyle, illerdeki 59 okulun yenilenmesi ve yeni e\u011fitim \u00f6\u011fretim y\u0131l\u0131n\u0131n ba\u015flang\u0131c\u0131 i\u00e7in donat\u0131lmas\u0131 i\u00e7in mekanizmalar\u0131 g\u00f6r\u00fc\u015ft\u00fc. Bug\u00fcn \u015eam&#8217;daki Bakanl\u0131kta d\u00fczenlenen toplant\u0131da El Hanun, yenileme s\u00fcrecinin 59 okulda derhal ba\u015flayaca\u011f\u0131n\u0131, kalan 100 okulun ise yakla\u015fan e\u011fitim \u00f6\u011fretim y\u0131l\u0131n\u0131n gereksinimlerine uygun \u015fekilde &hellip;<\/p>\n","protected":false},"author":36,"featured_media":323172,"comment_status":"closed","ping_status":"closed","sticky":false,"template":"","format":"standard","meta":{"footnotes":""},"categories":[589,479,17988,478],"tags":[],"class_list":["post-323171","post","type-post","status-publish","format-standard","has-post-thumbnail","","category-haber-seridi","category-haberler-yerel","category-son-haberler","category-yerel"],"_links":{"self":[{"href":"https:\/\/archive.sana.sy\/tr\/index.php?rest_route=\/wp\/v2\/posts\/323171","targetHints":{"allow":["GET"]}}],"collection":[{"href":"https:\/\/archive.sana.sy\/tr\/index.php?rest_route=\/wp\/v2\/posts"}],"about":[{"href":"https:\/\/archive.sana.sy\/tr\/index.php?rest_route=\/wp\/v2\/types\/post"}],"author":[{"embeddable":true,"href":"https:\/\/archive.sana.sy\/tr\/index.php?rest_route=\/wp\/v2\/users\/36"}],"replies":[{"embeddable":true,"href":"https:\/\/archive.sana.sy\/tr\/index.php?rest_route=%2Fwp%2Fv2%2Fcomments&post=323171"}],"version-history":[{"count":2,"href":"https:\/\/archive.sana.sy\/tr\/index.php?rest_route=\/wp\/v2\/posts\/323171\/revisions"}],"predecessor-version":[{"id":323174,"href":"https:\/\/archive.sana.sy\/tr\/index.php?rest_route=\/wp\/v2\/posts\/323171\/revisions\/323174"}],"wp:featuredmedia":[{"embeddable":true,"href":"https:\/\/archive.sana.sy\/tr\/index.php?rest_route=\/wp\/v2\/media\/323172"}],"wp:attachment":[{"href":"https:\/\/archive.sana.sy\/tr\/index.php?rest_route=%2Fwp%2Fv2%2Fmedia&parent=323171"}],"wp:term":[{"taxonomy":"category","embeddable":true,"href":"https:\/\/archive.sana.sy\/tr\/index.php?rest_route=%2Fwp%2Fv2%2Fcategories&post=323171"},{"taxonomy":"post_tag","embeddable":true,"href":"https:\/\/archive.sana.sy\/tr\/index.php?rest_route=%2Fwp%2Fv2%2Ftags&post=323171"}],"curies":[{"name":"wp","href":"https:\/\/api.w.org\/{rel}","templated":true}]}}