{"id":323176,"date":"2025-06-15T16:43:12","date_gmt":"2025-06-15T13:43:12","guid":{"rendered":"https:\/\/sana.sy\/tr\/?p=323176"},"modified":"2025-06-15T16:44:19","modified_gmt":"2025-06-15T13:44:19","slug":"katar-ve-fransa-suriyede-ekonomik-kalkinma-ve-yeniden-yapilanmayi-destekleme-taahhudunu-tekrarladi","status":"publish","type":"post","link":"https:\/\/archive.sana.sy\/tr\/?p=323176","title":{"rendered":"Katar Ve Fransa Suriye&#8217;de Ekonomik Kalk\u0131nma Ve Yeniden Yap\u0131lanmay\u0131 Destekleme Taahh\u00fcd\u00fcn\u00fc Tekrarlad\u0131"},"content":{"rendered":"<p style=\"text-align: justify;\"><span style=\"color: #ff0000;\"><strong>\u015eAM (SANA)<\/strong> <\/span>&#8211; \u00a0Katar ve Fransa, Suriye&#8217;de insani yard\u0131m sa\u011flamak ve ekonomik kalk\u0131nma ve yeniden yap\u0131lanmay\u0131 desteklemek i\u00e7in birlikte \u00e7al\u0131\u015fma taahh\u00fctlerini vurgulad\u0131lar.<\/p>\n<p style=\"text-align: justify;\">Katar Haber Ajans\u0131 (QNA) taraf\u0131ndan bug\u00fcn yay\u0131nlanan bir a\u00e7\u0131klamaya g\u00f6re, Katar ve Frans\u0131z taraflar\u0131 bu ay\u0131n 12&#8217;sinde Paris&#8217;te \u00fc\u00e7\u00fcnc\u00fc y\u0131ll\u0131k stratejik diyalo\u011fu d\u00fczenledi ve diyalog s\u0131ras\u0131nda Suriye&#8217;de devam eden tarihi ge\u00e7i\u015f s\u00fcrecini \u00f6vd\u00fcler ve herkesin haklar\u0131n\u0131 koruyan kapsaml\u0131 bir siyasi d\u00fczenlemenin \u00f6nemini vurgulad\u0131lar.<\/p>\n<p style=\"text-align: justify;\">\u0130ki taraf, toplumun t\u00fcm bile\u015fenlerine sayg\u0131 duyan yeni, \u00f6zg\u00fcr, istikrarl\u0131 ve egemen bir Suriye&#8217;nin yeniden in\u015fas\u0131na desteklerini yineleyerek, Suriye&#8217;de istikrar ve g\u00fcvenli\u011fin t\u00fcm vatanda\u015flar ve \u00e7evre b\u00f6lge i\u00e7in son derece \u00f6nemli oldu\u011fu konusunda anla\u015ft\u0131lar.<\/p>\n<p style=\"text-align: justify;\">\u0130ki taraf, Suriye ekonomisine y\u00f6nelik uluslararas\u0131 yapt\u0131r\u0131mlar\u0131n kald\u0131r\u0131lmas\u0131n\u0131 memnuniyetle kar\u015f\u0131lad\u0131 ve \u00fclkeye yabanc\u0131 yat\u0131r\u0131m yap\u0131lmas\u0131n\u0131 te\u015fvik ettiklerini ifade ettiler.<\/p>\n<p style=\"text-align: justify;\">Katar ayr\u0131ca Fransa&#8217;n\u0131n Suriye&#8217;ye y\u00f6nelik ekonomik yapt\u0131r\u0131mlar\u0131 kald\u0131rma y\u00f6n\u00fcndeki son Avrupa Birli\u011fi karar\u0131na ve Cumhurba\u015fkan\u0131 Say\u0131n Ahmed El \u015eara ile Frans\u0131z mevkida\u015f\u0131 Emmanuel Macron aras\u0131ndaki son toplant\u0131ya verdi\u011fi deste\u011fi memnuniyetle kar\u015f\u0131lad\u0131.<\/p>\n<p style=\"text-align: justify;\">\u0130ki taraf a\u00e7\u0131klamas\u0131nda da, bu uluslararas\u0131 destek ve giri\u015fimlerin Suriye ve halk\u0131n\u0131n istikrar, bar\u0131\u015f ve refaha do\u011fru bir ge\u00e7i\u015fi sa\u011flayaca\u011f\u0131n\u0131 kaydetti.<\/p>\n","protected":false},"excerpt":{"rendered":"<p>\u015eAM (SANA) &#8211; \u00a0Katar ve Fransa, Suriye&#8217;de insani yard\u0131m sa\u011flamak ve ekonomik kalk\u0131nma ve yeniden yap\u0131lanmay\u0131 desteklemek i\u00e7in birlikte \u00e7al\u0131\u015fma taahh\u00fctlerini vurgulad\u0131lar. Katar Haber Ajans\u0131 (QNA) taraf\u0131ndan bug\u00fcn yay\u0131nlanan bir a\u00e7\u0131klamaya g\u00f6re, Katar ve Frans\u0131z taraflar\u0131 bu ay\u0131n 12&#8217;sinde Paris&#8217;te \u00fc\u00e7\u00fcnc\u00fc y\u0131ll\u0131k stratejik diyalo\u011fu d\u00fczenledi ve diyalog s\u0131ras\u0131nda Suriye&#8217;de devam eden tarihi ge\u00e7i\u015f s\u00fcrecini \u00f6vd\u00fcler &hellip;<\/p>\n","protected":false},"author":36,"featured_media":323177,"comment_status":"closed","ping_status":"closed","sticky":false,"template":"","format":"standard","meta":{"footnotes":""},"categories":[589,479,17988,478],"tags":[],"class_list":["post-323176","post","type-post","status-publish","format-standard","has-post-thumbnail","","category-haber-seridi","category-haberler-yerel","category-son-haberler","category-yerel"],"_links":{"self":[{"href":"https:\/\/archive.sana.sy\/tr\/index.php?rest_route=\/wp\/v2\/posts\/323176","targetHints":{"allow":["GET"]}}],"collection":[{"href":"https:\/\/archive.sana.sy\/tr\/index.php?rest_route=\/wp\/v2\/posts"}],"about":[{"href":"https:\/\/archive.sana.sy\/tr\/index.php?rest_route=\/wp\/v2\/types\/post"}],"author":[{"embeddable":true,"href":"https:\/\/archive.sana.sy\/tr\/index.php?rest_route=\/wp\/v2\/users\/36"}],"replies":[{"embeddable":true,"href":"https:\/\/archive.sana.sy\/tr\/index.php?rest_route=%2Fwp%2Fv2%2Fcomments&post=323176"}],"version-history":[{"count":2,"href":"https:\/\/archive.sana.sy\/tr\/index.php?rest_route=\/wp\/v2\/posts\/323176\/revisions"}],"predecessor-version":[{"id":323179,"href":"https:\/\/archive.sana.sy\/tr\/index.php?rest_route=\/wp\/v2\/posts\/323176\/revisions\/323179"}],"wp:featuredmedia":[{"embeddable":true,"href":"https:\/\/archive.sana.sy\/tr\/index.php?rest_route=\/wp\/v2\/media\/323177"}],"wp:attachment":[{"href":"https:\/\/archive.sana.sy\/tr\/index.php?rest_route=%2Fwp%2Fv2%2Fmedia&parent=323176"}],"wp:term":[{"taxonomy":"category","embeddable":true,"href":"https:\/\/archive.sana.sy\/tr\/index.php?rest_route=%2Fwp%2Fv2%2Fcategories&post=323176"},{"taxonomy":"post_tag","embeddable":true,"href":"https:\/\/archive.sana.sy\/tr\/index.php?rest_route=%2Fwp%2Fv2%2Ftags&post=323176"}],"curies":[{"name":"wp","href":"https:\/\/api.w.org\/{rel}","templated":true}]}}