{"id":323185,"date":"2025-06-16T08:42:56","date_gmt":"2025-06-16T05:42:56","guid":{"rendered":"https:\/\/sana.sy\/tr\/?p=323185"},"modified":"2025-06-16T08:42:56","modified_gmt":"2025-06-16T05:42:56","slug":"enformasyon-bakani-michel-murr-ile-suriyede-uluslararasi-medya-varligini-desteklemenin-yollarini-gorustu","status":"publish","type":"post","link":"https:\/\/archive.sana.sy\/tr\/?p=323185","title":{"rendered":"Enformasyon Bakan\u0131, Michel Murr \u0130le Suriye&#8217;de Uluslararas\u0131 Medya Varl\u0131\u011f\u0131n\u0131 Desteklemenin Yollar\u0131n\u0131 G\u00f6r\u00fc\u015ft\u00fc"},"content":{"rendered":"<p style=\"text-align: justify;\"><strong>\u015eAM (SANA) &#8211;<\/strong>\u00a0Enformasyon Bakan\u0131 Dr. Hamza El Mustafa, L\u00fcbnanl\u0131 siyaset\u00e7i ve MTV Kanal\u0131 Y\u00f6netim Kurulu Ba\u015fkan\u0131 Say\u0131n Michel Murr ile medya alan\u0131nda i\u015fbirli\u011fi olas\u0131l\u0131klar\u0131n\u0131 ve Suriye&#8217;de yabanc\u0131 medya kurulu\u015flar\u0131n\u0131n varl\u0131\u011f\u0131n\u0131 desteklemenin yollar\u0131n\u0131 g\u00f6r\u00fc\u015ft\u00fc.<\/p>\n<p style=\"text-align: justify;\">G\u00f6r\u00fc\u015fme s\u0131ras\u0131nda Bakan, Enformasyon Bakanl\u0131\u011f\u0131&#8217;n\u0131n medya altyap\u0131s\u0131n\u0131 geli\u015ftirme ve Suriye&#8217;deki olaylar\u0131 haberle\u015ftirmek isteyen medya kurulu\u015flar\u0131 i\u00e7in gerekli olanaklar\u0131 sa\u011flama \u00e7abalar\u0131n\u0131 g\u00f6zden ge\u00e7irerek, bu ad\u0131mlar\u0131n, h\u00fck\u00fcmetin daha a\u00e7\u0131k bir medya ortam\u0131 yaratma ve Suriye&#8217;de olup bitenlerin ger\u00e7e\u011fini Arap ve uluslararas\u0131 kamuoyuna iletmede \u015feffafl\u0131\u011f\u0131 art\u0131rma taahh\u00fcd\u00fc \u00e7er\u00e7evesinde ger\u00e7ekle\u015fti\u011fini belirtti.<\/p>\n","protected":false},"excerpt":{"rendered":"<p>\u015eAM (SANA) &#8211;\u00a0Enformasyon Bakan\u0131 Dr. Hamza El Mustafa, L\u00fcbnanl\u0131 siyaset\u00e7i ve MTV Kanal\u0131 Y\u00f6netim Kurulu Ba\u015fkan\u0131 Say\u0131n Michel Murr ile medya alan\u0131nda i\u015fbirli\u011fi olas\u0131l\u0131klar\u0131n\u0131 ve Suriye&#8217;de yabanc\u0131 medya kurulu\u015flar\u0131n\u0131n varl\u0131\u011f\u0131n\u0131 desteklemenin yollar\u0131n\u0131 g\u00f6r\u00fc\u015ft\u00fc. G\u00f6r\u00fc\u015fme s\u0131ras\u0131nda Bakan, Enformasyon Bakanl\u0131\u011f\u0131&#8217;n\u0131n medya altyap\u0131s\u0131n\u0131 geli\u015ftirme ve Suriye&#8217;deki olaylar\u0131 haberle\u015ftirmek isteyen medya kurulu\u015flar\u0131 i\u00e7in gerekli olanaklar\u0131 sa\u011flama \u00e7abalar\u0131n\u0131 g\u00f6zden ge\u00e7irerek, &hellip;<\/p>\n","protected":false},"author":39,"featured_media":323186,"comment_status":"closed","ping_status":"closed","sticky":false,"template":"","format":"standard","meta":{"footnotes":""},"categories":[589,479,17988,478],"tags":[],"class_list":["post-323185","post","type-post","status-publish","format-standard","has-post-thumbnail","","category-haber-seridi","category-haberler-yerel","category-son-haberler","category-yerel"],"_links":{"self":[{"href":"https:\/\/archive.sana.sy\/tr\/index.php?rest_route=\/wp\/v2\/posts\/323185","targetHints":{"allow":["GET"]}}],"collection":[{"href":"https:\/\/archive.sana.sy\/tr\/index.php?rest_route=\/wp\/v2\/posts"}],"about":[{"href":"https:\/\/archive.sana.sy\/tr\/index.php?rest_route=\/wp\/v2\/types\/post"}],"author":[{"embeddable":true,"href":"https:\/\/archive.sana.sy\/tr\/index.php?rest_route=\/wp\/v2\/users\/39"}],"replies":[{"embeddable":true,"href":"https:\/\/archive.sana.sy\/tr\/index.php?rest_route=%2Fwp%2Fv2%2Fcomments&post=323185"}],"version-history":[{"count":1,"href":"https:\/\/archive.sana.sy\/tr\/index.php?rest_route=\/wp\/v2\/posts\/323185\/revisions"}],"predecessor-version":[{"id":323187,"href":"https:\/\/archive.sana.sy\/tr\/index.php?rest_route=\/wp\/v2\/posts\/323185\/revisions\/323187"}],"wp:featuredmedia":[{"embeddable":true,"href":"https:\/\/archive.sana.sy\/tr\/index.php?rest_route=\/wp\/v2\/media\/323186"}],"wp:attachment":[{"href":"https:\/\/archive.sana.sy\/tr\/index.php?rest_route=%2Fwp%2Fv2%2Fmedia&parent=323185"}],"wp:term":[{"taxonomy":"category","embeddable":true,"href":"https:\/\/archive.sana.sy\/tr\/index.php?rest_route=%2Fwp%2Fv2%2Fcategories&post=323185"},{"taxonomy":"post_tag","embeddable":true,"href":"https:\/\/archive.sana.sy\/tr\/index.php?rest_route=%2Fwp%2Fv2%2Ftags&post=323185"}],"curies":[{"name":"wp","href":"https:\/\/api.w.org\/{rel}","templated":true}]}}