{"id":323193,"date":"2025-06-16T08:45:45","date_gmt":"2025-06-16T05:45:45","guid":{"rendered":"https:\/\/sana.sy\/tr\/?p=323193"},"modified":"2025-06-16T15:17:03","modified_gmt":"2025-06-16T12:17:03","slug":"turk-heyeti-suriyedeki-cimento-endustrisini-inceledi","status":"publish","type":"post","link":"https:\/\/archive.sana.sy\/tr\/?p=323193","title":{"rendered":"T\u00fcrk Heyeti Suriye&#8217;deki \u00c7imento End\u00fcstrisini \u0130nceledi"},"content":{"rendered":"<p><strong><span style=\"color: #ff0000;\">\u015eAM (SANA)<\/span> &#8211;<\/strong> Suriye ve T\u00fcrkiye aras\u0131ndaki ekonomik i\u015f birli\u011fini g\u00fc\u00e7lendirmeyi ama\u00e7layan, \u00e7imento end\u00fcstrisinde uzmanla\u015fm\u0131\u015f bir dizi T\u00fcrk \u015firketini temsil eden bir heyet, Suriye&#8217;deki end\u00fcstrinin durumunu ve bu sekt\u00f6re y\u00f6nelik yat\u0131r\u0131m vizyonunu g\u00f6zden ge\u00e7irdi.<\/p>\n<p>Heyetin ziyareti, en son \u00fcretim teknolojileri ve bu sekt\u00f6r\u00fc geli\u015ftirmenin yollar\u0131 hakk\u0131nda bilgilendirildikleri bir dizi yerel fabrikay\u0131 i\u00e7erdi.<\/p>\n<p>Fabrikalarda yap\u0131lan toplant\u0131lar s\u0131ras\u0131nda heyet, Suriyeli ve T\u00fcrk \u015firketleri aras\u0131ndaki i\u015f birli\u011fini geli\u015ftirmenin yollar\u0131n\u0131 tart\u0131\u015fman\u0131n yan\u0131 s\u0131ra mevcut yat\u0131r\u0131m f\u0131rsatlar\u0131 ve end\u00fcstrinin kar\u015f\u0131 kar\u015f\u0131ya oldu\u011fu zorluklar hakk\u0131nda fikir al\u0131\u015fveri\u015finde bulundu.<\/p>\n<div id='gallery-1' class='gallery galleryid-323193 gallery-columns-2 gallery-size-full'><figure class='gallery-item'>\n\t\t\t<div class='gallery-icon landscape'>\n\t\t\t\t<a href='https:\/\/archive.sana.sy\/tr\/wp-content\/uploads\/2025\/06\/655656.jpg'><img loading=\"lazy\" decoding=\"async\" width=\"1280\" height=\"853\" src=\"https:\/\/archive.sana.sy\/tr\/wp-content\/uploads\/2025\/06\/655656.jpg\" class=\"attachment-full size-full\" alt=\"\" srcset=\"https:\/\/archive.sana.sy\/tr\/wp-content\/uploads\/2025\/06\/655656.jpg 1280w, https:\/\/archive.sana.sy\/tr\/wp-content\/uploads\/2025\/06\/655656-300x200.jpg 300w, https:\/\/archive.sana.sy\/tr\/wp-content\/uploads\/2025\/06\/655656-1024x682.jpg 1024w, https:\/\/archive.sana.sy\/tr\/wp-content\/uploads\/2025\/06\/655656-768x512.jpg 768w\" sizes=\"auto, (max-width: 1280px) 100vw, 1280px\" \/><\/a>\n\t\t\t<\/div><\/figure><figure class='gallery-item'>\n\t\t\t<div class='gallery-icon landscape'>\n\t\t\t\t<a href='https:\/\/archive.sana.sy\/tr\/wp-content\/uploads\/2025\/06\/4455445.jpg'><img loading=\"lazy\" decoding=\"async\" width=\"1280\" height=\"853\" src=\"https:\/\/archive.sana.sy\/tr\/wp-content\/uploads\/2025\/06\/4455445.jpg\" class=\"attachment-full size-full\" alt=\"\" srcset=\"https:\/\/archive.sana.sy\/tr\/wp-content\/uploads\/2025\/06\/4455445.jpg 1280w, https:\/\/archive.sana.sy\/tr\/wp-content\/uploads\/2025\/06\/4455445-300x200.jpg 300w, https:\/\/archive.sana.sy\/tr\/wp-content\/uploads\/2025\/06\/4455445-1024x682.jpg 1024w, https:\/\/archive.sana.sy\/tr\/wp-content\/uploads\/2025\/06\/4455445-768x512.jpg 768w\" sizes=\"auto, (max-width: 1280px) 100vw, 1280px\" \/><\/a>\n\t\t\t<\/div><\/figure>\n\t\t<\/div>\n\n","protected":false},"excerpt":{"rendered":"<p>\u015eAM (SANA) &#8211; Suriye ve T\u00fcrkiye aras\u0131ndaki ekonomik i\u015f birli\u011fini g\u00fc\u00e7lendirmeyi ama\u00e7layan, \u00e7imento end\u00fcstrisinde uzmanla\u015fm\u0131\u015f bir dizi T\u00fcrk \u015firketini temsil eden bir heyet, Suriye&#8217;deki end\u00fcstrinin durumunu ve bu sekt\u00f6re y\u00f6nelik yat\u0131r\u0131m vizyonunu g\u00f6zden ge\u00e7irdi. Heyetin ziyareti, en son \u00fcretim teknolojileri ve bu sekt\u00f6r\u00fc geli\u015ftirmenin yollar\u0131 hakk\u0131nda bilgilendirildikleri bir dizi yerel fabrikay\u0131 i\u00e7erdi. Fabrikalarda yap\u0131lan toplant\u0131lar &hellip;<\/p>\n","protected":false},"author":39,"featured_media":323194,"comment_status":"closed","ping_status":"closed","sticky":false,"template":"","format":"standard","meta":{"footnotes":""},"categories":[589,479,17988,478],"tags":[],"class_list":["post-323193","post","type-post","status-publish","format-standard","has-post-thumbnail","","category-haber-seridi","category-haberler-yerel","category-son-haberler","category-yerel"],"_links":{"self":[{"href":"https:\/\/archive.sana.sy\/tr\/index.php?rest_route=\/wp\/v2\/posts\/323193","targetHints":{"allow":["GET"]}}],"collection":[{"href":"https:\/\/archive.sana.sy\/tr\/index.php?rest_route=\/wp\/v2\/posts"}],"about":[{"href":"https:\/\/archive.sana.sy\/tr\/index.php?rest_route=\/wp\/v2\/types\/post"}],"author":[{"embeddable":true,"href":"https:\/\/archive.sana.sy\/tr\/index.php?rest_route=\/wp\/v2\/users\/39"}],"replies":[{"embeddable":true,"href":"https:\/\/archive.sana.sy\/tr\/index.php?rest_route=%2Fwp%2Fv2%2Fcomments&post=323193"}],"version-history":[{"count":2,"href":"https:\/\/archive.sana.sy\/tr\/index.php?rest_route=\/wp\/v2\/posts\/323193\/revisions"}],"predecessor-version":[{"id":323214,"href":"https:\/\/archive.sana.sy\/tr\/index.php?rest_route=\/wp\/v2\/posts\/323193\/revisions\/323214"}],"wp:featuredmedia":[{"embeddable":true,"href":"https:\/\/archive.sana.sy\/tr\/index.php?rest_route=\/wp\/v2\/media\/323194"}],"wp:attachment":[{"href":"https:\/\/archive.sana.sy\/tr\/index.php?rest_route=%2Fwp%2Fv2%2Fmedia&parent=323193"}],"wp:term":[{"taxonomy":"category","embeddable":true,"href":"https:\/\/archive.sana.sy\/tr\/index.php?rest_route=%2Fwp%2Fv2%2Fcategories&post=323193"},{"taxonomy":"post_tag","embeddable":true,"href":"https:\/\/archive.sana.sy\/tr\/index.php?rest_route=%2Fwp%2Fv2%2Ftags&post=323193"}],"curies":[{"name":"wp","href":"https:\/\/api.w.org\/{rel}","templated":true}]}}