{"id":323198,"date":"2025-06-16T10:36:16","date_gmt":"2025-06-16T07:36:16","guid":{"rendered":"https:\/\/sana.sy\/tr\/?p=323198"},"modified":"2025-06-16T15:26:09","modified_gmt":"2025-06-16T12:26:09","slug":"deyrizorda-teror-adam-kacirma-ve-uyusturucu-olaylarina-karisan-kanun-kacaklarina-yonelik-guvenlik-operasyonu-duzenlendi","status":"publish","type":"post","link":"https:\/\/archive.sana.sy\/tr\/?p=323198","title":{"rendered":"Deyrizor\u2019da Ter\u00f6r, Adam Ka\u00e7\u0131rma Ve Uyu\u015fturucu Olaylar\u0131na Kar\u0131\u015fan Kanun Ka\u00e7aklar\u0131na Y\u00f6nelik G\u00fcvenlik Operasyonu D\u00fczenlendi"},"content":{"rendered":"<p style=\"text-align: justify;\"><strong><span style=\"color: #ff0000;\">DEYR\u0130ZOR (SANA)<\/span> &#8211;\u00a0 <\/strong>Deyrizor \u0130\u00e7 G\u00fcvenlik G\u00fc\u00e7leri, Savunma Bakanl\u0131\u011f\u0131&#8217;na ba\u011fl\u0131 birimlerle ortakla\u015fa d\u00fczenledikleri operasyonda ter\u00f6r eylemleri, adam ka\u00e7\u0131rma ve uyu\u015fturucu ka\u00e7ak\u00e7\u0131l\u0131\u011f\u0131 faaliyetlerine kar\u0131\u015fan su\u00e7 \u015febekelerini hedef ald\u0131.<\/p>\n<p style=\"text-align: justify;\">\u0130\u00e7i\u015fleri Bakanl\u0131\u011f\u0131&#8217;n\u0131n resmi Telegram hesab\u0131ndan yap\u0131lan a\u00e7\u0131klamada, Deyrizor \u0130\u00e7 G\u00fcvenlik Komutan\u0131 Albay Dirar El \u015eamlan, operasyonun kent merkezine ba\u011fl\u0131 El Meyadin k\u0131rsal\u0131nda ba\u015flat\u0131ld\u0131\u011f\u0131n\u0131 ve planlanan di\u011fer b\u00f6lgelerde a\u015famal\u0131 olarak geni\u015fletilece\u011fini bildirdi.<\/p>\n<p style=\"text-align: justify;\">Albay El \u015eamlan, \u0130\u00e7 G\u00fcvenlik G\u00fc\u00e7lerinin tam g\u00fcvenlik sa\u011flanana ve hukukun \u00fcst\u00fcnl\u00fc\u011f\u00fc sa\u011flanana kadar g\u00f6revlerini yerine getirmeye devam edece\u011fini teyit ederek, vatanda\u015flar\u0131 i\u015fbirli\u011fi yapmaya ve \u015f\u00fcpheli faaliyetleri bildirmeye \u00e7a\u011f\u0131rd\u0131.<\/p>\n","protected":false},"excerpt":{"rendered":"<p>DEYR\u0130ZOR (SANA) &#8211;\u00a0 Deyrizor \u0130\u00e7 G\u00fcvenlik G\u00fc\u00e7leri, Savunma Bakanl\u0131\u011f\u0131&#8217;na ba\u011fl\u0131 birimlerle ortakla\u015fa d\u00fczenledikleri operasyonda ter\u00f6r eylemleri, adam ka\u00e7\u0131rma ve uyu\u015fturucu ka\u00e7ak\u00e7\u0131l\u0131\u011f\u0131 faaliyetlerine kar\u0131\u015fan su\u00e7 \u015febekelerini hedef ald\u0131. \u0130\u00e7i\u015fleri Bakanl\u0131\u011f\u0131&#8217;n\u0131n resmi Telegram hesab\u0131ndan yap\u0131lan a\u00e7\u0131klamada, Deyrizor \u0130\u00e7 G\u00fcvenlik Komutan\u0131 Albay Dirar El \u015eamlan, operasyonun kent merkezine ba\u011fl\u0131 El Meyadin k\u0131rsal\u0131nda ba\u015flat\u0131ld\u0131\u011f\u0131n\u0131 ve planlanan di\u011fer b\u00f6lgelerde a\u015famal\u0131 &hellip;<\/p>\n","protected":false},"author":39,"featured_media":323199,"comment_status":"closed","ping_status":"closed","sticky":false,"template":"","format":"standard","meta":{"footnotes":""},"categories":[589,479,17988,478],"tags":[],"class_list":["post-323198","post","type-post","status-publish","format-standard","has-post-thumbnail","","category-haber-seridi","category-haberler-yerel","category-son-haberler","category-yerel"],"_links":{"self":[{"href":"https:\/\/archive.sana.sy\/tr\/index.php?rest_route=\/wp\/v2\/posts\/323198","targetHints":{"allow":["GET"]}}],"collection":[{"href":"https:\/\/archive.sana.sy\/tr\/index.php?rest_route=\/wp\/v2\/posts"}],"about":[{"href":"https:\/\/archive.sana.sy\/tr\/index.php?rest_route=\/wp\/v2\/types\/post"}],"author":[{"embeddable":true,"href":"https:\/\/archive.sana.sy\/tr\/index.php?rest_route=\/wp\/v2\/users\/39"}],"replies":[{"embeddable":true,"href":"https:\/\/archive.sana.sy\/tr\/index.php?rest_route=%2Fwp%2Fv2%2Fcomments&post=323198"}],"version-history":[{"count":2,"href":"https:\/\/archive.sana.sy\/tr\/index.php?rest_route=\/wp\/v2\/posts\/323198\/revisions"}],"predecessor-version":[{"id":323215,"href":"https:\/\/archive.sana.sy\/tr\/index.php?rest_route=\/wp\/v2\/posts\/323198\/revisions\/323215"}],"wp:featuredmedia":[{"embeddable":true,"href":"https:\/\/archive.sana.sy\/tr\/index.php?rest_route=\/wp\/v2\/media\/323199"}],"wp:attachment":[{"href":"https:\/\/archive.sana.sy\/tr\/index.php?rest_route=%2Fwp%2Fv2%2Fmedia&parent=323198"}],"wp:term":[{"taxonomy":"category","embeddable":true,"href":"https:\/\/archive.sana.sy\/tr\/index.php?rest_route=%2Fwp%2Fv2%2Fcategories&post=323198"},{"taxonomy":"post_tag","embeddable":true,"href":"https:\/\/archive.sana.sy\/tr\/index.php?rest_route=%2Fwp%2Fv2%2Ftags&post=323198"}],"curies":[{"name":"wp","href":"https:\/\/api.w.org\/{rel}","templated":true}]}}