{"id":323216,"date":"2025-06-16T15:35:37","date_gmt":"2025-06-16T12:35:37","guid":{"rendered":"https:\/\/sana.sy\/tr\/?p=323216"},"modified":"2025-06-16T15:35:37","modified_gmt":"2025-06-16T12:35:37","slug":"enformasyon-bakanligi-daha-once-lisans-almis-tum-medya-kuruluslarinin-lisanslarini-yenilemek-icin-bakanliga-basvurmalarini-talep-etti","status":"publish","type":"post","link":"https:\/\/archive.sana.sy\/tr\/?p=323216","title":{"rendered":"Enformasyon Bakanl\u0131\u011f\u0131, Daha \u00d6nce Lisans Alm\u0131\u015f T\u00fcm Medya Kurulu\u015flar\u0131n\u0131n Lisanslar\u0131n\u0131 Yenilemek \u0130\u00e7in Bakanl\u0131\u011fa Ba\u015fvurmalar\u0131n\u0131 Talep Etti"},"content":{"rendered":"<p style=\"text-align: justify;\"><span style=\"color: #ff0000;\"><strong>\u015eAM (SANA)<\/strong> <\/span>&#8211;\u00a0 Enformasyon Bakanl\u0131\u011f\u0131, Lisans M\u00fcd\u00fcrl\u00fc\u011f\u00fc&#8217;nde daha \u00f6nce lisans alm\u0131\u015f t\u00fcm medya kurulu\u015flar\u0131n\u0131n lisanslar\u0131n\u0131 yenilemek i\u00e7in en ge\u00e7 \u00fc\u00e7 ay i\u00e7inde Bakanl\u0131\u011fa ba\u015fvurmalar\u0131n\u0131 talep etti.<\/p>\n<p style=\"text-align: justify;\">Bakanl\u0131k d\u00fcn yay\u0131nlad\u0131\u011f\u0131 genelgede, medya kurulu\u015fu sahibinin 15 Haziran 2025&#8217;te ba\u015flayacak olan s\u00f6z konusu s\u00fcre i\u00e7inde Bakanl\u0131\u011fa ba\u015fvurmamas\u0131 halinde gerekli yasal i\u015flemlerin yap\u0131laca\u011f\u0131 ve daha \u00f6nce verilmi\u015f lisanslar\u0131n iptal edilece\u011fi uyar\u0131s\u0131nda bulundu.<\/p>\n","protected":false},"excerpt":{"rendered":"<p>\u015eAM (SANA) &#8211;\u00a0 Enformasyon Bakanl\u0131\u011f\u0131, Lisans M\u00fcd\u00fcrl\u00fc\u011f\u00fc&#8217;nde daha \u00f6nce lisans alm\u0131\u015f t\u00fcm medya kurulu\u015flar\u0131n\u0131n lisanslar\u0131n\u0131 yenilemek i\u00e7in en ge\u00e7 \u00fc\u00e7 ay i\u00e7inde Bakanl\u0131\u011fa ba\u015fvurmalar\u0131n\u0131 talep etti. Bakanl\u0131k d\u00fcn yay\u0131nlad\u0131\u011f\u0131 genelgede, medya kurulu\u015fu sahibinin 15 Haziran 2025&#8217;te ba\u015flayacak olan s\u00f6z konusu s\u00fcre i\u00e7inde Bakanl\u0131\u011fa ba\u015fvurmamas\u0131 halinde gerekli yasal i\u015flemlerin yap\u0131laca\u011f\u0131 ve daha \u00f6nce verilmi\u015f lisanslar\u0131n iptal &hellip;<\/p>\n","protected":false},"author":41,"featured_media":323217,"comment_status":"closed","ping_status":"closed","sticky":false,"template":"","format":"standard","meta":{"footnotes":""},"categories":[458,589,459,17988],"tags":[],"class_list":["post-323216","post","type-post","status-publish","format-standard","has-post-thumbnail","","category-dunya1","category-haber-seridi","category-haberler-arap-uluslararasi-politika","category-son-haberler"],"_links":{"self":[{"href":"https:\/\/archive.sana.sy\/tr\/index.php?rest_route=\/wp\/v2\/posts\/323216","targetHints":{"allow":["GET"]}}],"collection":[{"href":"https:\/\/archive.sana.sy\/tr\/index.php?rest_route=\/wp\/v2\/posts"}],"about":[{"href":"https:\/\/archive.sana.sy\/tr\/index.php?rest_route=\/wp\/v2\/types\/post"}],"author":[{"embeddable":true,"href":"https:\/\/archive.sana.sy\/tr\/index.php?rest_route=\/wp\/v2\/users\/41"}],"replies":[{"embeddable":true,"href":"https:\/\/archive.sana.sy\/tr\/index.php?rest_route=%2Fwp%2Fv2%2Fcomments&post=323216"}],"version-history":[{"count":1,"href":"https:\/\/archive.sana.sy\/tr\/index.php?rest_route=\/wp\/v2\/posts\/323216\/revisions"}],"predecessor-version":[{"id":323218,"href":"https:\/\/archive.sana.sy\/tr\/index.php?rest_route=\/wp\/v2\/posts\/323216\/revisions\/323218"}],"wp:featuredmedia":[{"embeddable":true,"href":"https:\/\/archive.sana.sy\/tr\/index.php?rest_route=\/wp\/v2\/media\/323217"}],"wp:attachment":[{"href":"https:\/\/archive.sana.sy\/tr\/index.php?rest_route=%2Fwp%2Fv2%2Fmedia&parent=323216"}],"wp:term":[{"taxonomy":"category","embeddable":true,"href":"https:\/\/archive.sana.sy\/tr\/index.php?rest_route=%2Fwp%2Fv2%2Fcategories&post=323216"},{"taxonomy":"post_tag","embeddable":true,"href":"https:\/\/archive.sana.sy\/tr\/index.php?rest_route=%2Fwp%2Fv2%2Ftags&post=323216"}],"curies":[{"name":"wp","href":"https:\/\/api.w.org\/{rel}","templated":true}]}}