{"id":323223,"date":"2025-06-16T16:59:57","date_gmt":"2025-06-16T13:59:57","guid":{"rendered":"https:\/\/sana.sy\/tr\/?p=323223"},"modified":"2025-06-16T16:59:57","modified_gmt":"2025-06-16T13:59:57","slug":"ekonomi-ve-sanayi-bakani-arap-avusturya-ticaret-odasi-heyetiyle-isbirligini-guclendirmeyi-gorustu","status":"publish","type":"post","link":"https:\/\/archive.sana.sy\/tr\/?p=323223","title":{"rendered":"Ekonomi Ve Sanayi Bakan\u0131 Arap-Avusturya Ticaret Odas\u0131 Heyetiyle \u0130\u015fbirli\u011fini G\u00fc\u00e7lendirmeyi G\u00f6r\u00fc\u015ft\u00fc"},"content":{"rendered":"<p style=\"text-align: justify;\"><span style=\"color: #ff0000;\"><strong>\u015eAM (SANA) &#8211;<\/strong> <\/span>\u00a0Ekonomi ve Sanayi Bakan\u0131 Mohammad Nidal El \u015eaar, L\u00fcey El Kuzbari ba\u015fkanl\u0131\u011f\u0131ndaki Arap-Avusturya Ticaret Odas\u0131 heyetiyle ekonomi ve sanayi alanlar\u0131nda i\u015fbirli\u011fini art\u0131rman\u0131n yollar\u0131n\u0131 g\u00f6r\u00fc\u015ft\u00fc.<\/p>\n<p style=\"text-align: justify;\">G\u00f6r\u00fc\u015fmede, \u00fclkenin devam eden yeniden in\u015fas\u0131 ve yapt\u0131r\u0131mlar\u0131n kald\u0131r\u0131lmas\u0131 g\u00f6z \u00f6n\u00fcne al\u0131nd\u0131\u011f\u0131nda, devrik rejim s\u0131ras\u0131nda yoksun b\u0131rak\u0131lan t\u00fcm sekt\u00f6rlere engel veya k\u0131s\u0131tlama olmaks\u0131z\u0131n yat\u0131r\u0131m ak\u0131\u015f\u0131na katk\u0131da bulunacak olan hayati ve gelecekteki yat\u0131r\u0131m projelerinde ortakl\u0131klar\u0131 geni\u015fletmenin yollar\u0131 ele al\u0131nd\u0131.<\/p>\n","protected":false},"excerpt":{"rendered":"<p>\u015eAM (SANA) &#8211; \u00a0Ekonomi ve Sanayi Bakan\u0131 Mohammad Nidal El \u015eaar, L\u00fcey El Kuzbari ba\u015fkanl\u0131\u011f\u0131ndaki Arap-Avusturya Ticaret Odas\u0131 heyetiyle ekonomi ve sanayi alanlar\u0131nda i\u015fbirli\u011fini art\u0131rman\u0131n yollar\u0131n\u0131 g\u00f6r\u00fc\u015ft\u00fc. G\u00f6r\u00fc\u015fmede, \u00fclkenin devam eden yeniden in\u015fas\u0131 ve yapt\u0131r\u0131mlar\u0131n kald\u0131r\u0131lmas\u0131 g\u00f6z \u00f6n\u00fcne al\u0131nd\u0131\u011f\u0131nda, devrik rejim s\u0131ras\u0131nda yoksun b\u0131rak\u0131lan t\u00fcm sekt\u00f6rlere engel veya k\u0131s\u0131tlama olmaks\u0131z\u0131n yat\u0131r\u0131m ak\u0131\u015f\u0131na katk\u0131da bulunacak olan &hellip;<\/p>\n","protected":false},"author":41,"featured_media":323224,"comment_status":"closed","ping_status":"closed","sticky":false,"template":"","format":"standard","meta":{"footnotes":""},"categories":[485,589,486,17988],"tags":[],"class_list":["post-323223","post","type-post","status-publish","format-standard","has-post-thumbnail","","category-is-ve-sermaye","category-haber-seridi","category-haberler-is-ve-sermaye","category-son-haberler"],"_links":{"self":[{"href":"https:\/\/archive.sana.sy\/tr\/index.php?rest_route=\/wp\/v2\/posts\/323223","targetHints":{"allow":["GET"]}}],"collection":[{"href":"https:\/\/archive.sana.sy\/tr\/index.php?rest_route=\/wp\/v2\/posts"}],"about":[{"href":"https:\/\/archive.sana.sy\/tr\/index.php?rest_route=\/wp\/v2\/types\/post"}],"author":[{"embeddable":true,"href":"https:\/\/archive.sana.sy\/tr\/index.php?rest_route=\/wp\/v2\/users\/41"}],"replies":[{"embeddable":true,"href":"https:\/\/archive.sana.sy\/tr\/index.php?rest_route=%2Fwp%2Fv2%2Fcomments&post=323223"}],"version-history":[{"count":1,"href":"https:\/\/archive.sana.sy\/tr\/index.php?rest_route=\/wp\/v2\/posts\/323223\/revisions"}],"predecessor-version":[{"id":323225,"href":"https:\/\/archive.sana.sy\/tr\/index.php?rest_route=\/wp\/v2\/posts\/323223\/revisions\/323225"}],"wp:featuredmedia":[{"embeddable":true,"href":"https:\/\/archive.sana.sy\/tr\/index.php?rest_route=\/wp\/v2\/media\/323224"}],"wp:attachment":[{"href":"https:\/\/archive.sana.sy\/tr\/index.php?rest_route=%2Fwp%2Fv2%2Fmedia&parent=323223"}],"wp:term":[{"taxonomy":"category","embeddable":true,"href":"https:\/\/archive.sana.sy\/tr\/index.php?rest_route=%2Fwp%2Fv2%2Fcategories&post=323223"},{"taxonomy":"post_tag","embeddable":true,"href":"https:\/\/archive.sana.sy\/tr\/index.php?rest_route=%2Fwp%2Fv2%2Ftags&post=323223"}],"curies":[{"name":"wp","href":"https:\/\/api.w.org\/{rel}","templated":true}]}}