{"id":323226,"date":"2025-06-16T17:30:44","date_gmt":"2025-06-16T14:30:44","guid":{"rendered":"https:\/\/sana.sy\/tr\/?p=323226"},"modified":"2025-06-16T17:30:44","modified_gmt":"2025-06-16T14:30:44","slug":"enerji-bakani-cezayir-maslahatguzari-ile-enerji-isbirligini-guclendirmeyi-gorustu","status":"publish","type":"post","link":"https:\/\/archive.sana.sy\/tr\/?p=323226","title":{"rendered":"Enerji Bakan\u0131 Cezayir Maslahatg\u00fczar\u0131 \u0130le Enerji \u0130\u015fbirli\u011fini G\u00fc\u00e7lendirmeyi G\u00f6r\u00fc\u015ft\u00fc"},"content":{"rendered":"<p style=\"text-align: justify;\"><span style=\"color: #ff0000;\"><strong>\u015eAM (SANA)<\/strong> <\/span>&#8211; \u00a0Enerji Bakan\u0131 Muhammed El Be\u015fir bug\u00fcn Cezayir \u015eam B\u00fcy\u00fckel\u00e7ili\u011fi Maslahatg\u00fczar\u0131 Nasir Alim ile Suriye ve Cezayir aras\u0131nda enerji sekt\u00f6r\u00fcnde i\u015fbirli\u011fi olas\u0131l\u0131klar\u0131n\u0131 g\u00f6r\u00fc\u015ft\u00fc.<\/p>\n<p style=\"text-align: justify;\">Bakanl\u0131k binas\u0131nda d\u00fczenlenen toplant\u0131da Bakan El Be\u015fir Suriye&#8217;deki enerji durumunu ve bu sekt\u00f6r\u00fcn kar\u015f\u0131 kar\u015f\u0131ya oldu\u011fu zorluklar\u0131 g\u00f6zden ge\u00e7irdi ve Cezayir&#8217;deki karde\u015flerimizle i\u015fbirli\u011finin ve altyap\u0131n\u0131n yenilenmesinin \u00f6nemini vurgulad\u0131.<\/p>\n<p style=\"text-align: justify;\">Cezayir \u015eam Maslahatg\u00fczar\u0131 ise \u00fclkesinin gerekli teknik deste\u011fi sa\u011flamaya haz\u0131r oldu\u011funu teyit etti.<\/p>\n","protected":false},"excerpt":{"rendered":"<p>\u015eAM (SANA) &#8211; \u00a0Enerji Bakan\u0131 Muhammed El Be\u015fir bug\u00fcn Cezayir \u015eam B\u00fcy\u00fckel\u00e7ili\u011fi Maslahatg\u00fczar\u0131 Nasir Alim ile Suriye ve Cezayir aras\u0131nda enerji sekt\u00f6r\u00fcnde i\u015fbirli\u011fi olas\u0131l\u0131klar\u0131n\u0131 g\u00f6r\u00fc\u015ft\u00fc. Bakanl\u0131k binas\u0131nda d\u00fczenlenen toplant\u0131da Bakan El Be\u015fir Suriye&#8217;deki enerji durumunu ve bu sekt\u00f6r\u00fcn kar\u015f\u0131 kar\u015f\u0131ya oldu\u011fu zorluklar\u0131 g\u00f6zden ge\u00e7irdi ve Cezayir&#8217;deki karde\u015flerimizle i\u015fbirli\u011finin ve altyap\u0131n\u0131n yenilenmesinin \u00f6nemini vurgulad\u0131. Cezayir \u015eam &hellip;<\/p>\n","protected":false},"author":41,"featured_media":323227,"comment_status":"closed","ping_status":"closed","sticky":false,"template":"","format":"standard","meta":{"footnotes":""},"categories":[589,479,17988,478],"tags":[],"class_list":["post-323226","post","type-post","status-publish","format-standard","has-post-thumbnail","","category-haber-seridi","category-haberler-yerel","category-son-haberler","category-yerel"],"_links":{"self":[{"href":"https:\/\/archive.sana.sy\/tr\/index.php?rest_route=\/wp\/v2\/posts\/323226","targetHints":{"allow":["GET"]}}],"collection":[{"href":"https:\/\/archive.sana.sy\/tr\/index.php?rest_route=\/wp\/v2\/posts"}],"about":[{"href":"https:\/\/archive.sana.sy\/tr\/index.php?rest_route=\/wp\/v2\/types\/post"}],"author":[{"embeddable":true,"href":"https:\/\/archive.sana.sy\/tr\/index.php?rest_route=\/wp\/v2\/users\/41"}],"replies":[{"embeddable":true,"href":"https:\/\/archive.sana.sy\/tr\/index.php?rest_route=%2Fwp%2Fv2%2Fcomments&post=323226"}],"version-history":[{"count":1,"href":"https:\/\/archive.sana.sy\/tr\/index.php?rest_route=\/wp\/v2\/posts\/323226\/revisions"}],"predecessor-version":[{"id":323228,"href":"https:\/\/archive.sana.sy\/tr\/index.php?rest_route=\/wp\/v2\/posts\/323226\/revisions\/323228"}],"wp:featuredmedia":[{"embeddable":true,"href":"https:\/\/archive.sana.sy\/tr\/index.php?rest_route=\/wp\/v2\/media\/323227"}],"wp:attachment":[{"href":"https:\/\/archive.sana.sy\/tr\/index.php?rest_route=%2Fwp%2Fv2%2Fmedia&parent=323226"}],"wp:term":[{"taxonomy":"category","embeddable":true,"href":"https:\/\/archive.sana.sy\/tr\/index.php?rest_route=%2Fwp%2Fv2%2Fcategories&post=323226"},{"taxonomy":"post_tag","embeddable":true,"href":"https:\/\/archive.sana.sy\/tr\/index.php?rest_route=%2Fwp%2Fv2%2Ftags&post=323226"}],"curies":[{"name":"wp","href":"https:\/\/api.w.org\/{rel}","templated":true}]}}