{"id":323229,"date":"2025-06-16T18:08:11","date_gmt":"2025-06-16T15:08:11","guid":{"rendered":"https:\/\/sana.sy\/tr\/?p=323229"},"modified":"2025-06-16T18:08:39","modified_gmt":"2025-06-16T15:08:39","slug":"israil-ile-iran-arasindaki-catismanin-kalintilarinin-dusmesi-sonucu-dera-kirsalinda-maddi-hasar-olustu","status":"publish","type":"post","link":"https:\/\/archive.sana.sy\/tr\/?p=323229","title":{"rendered":"\u0130srail \u0130le \u0130ran Aras\u0131ndaki \u00c7at\u0131\u015fman\u0131n Kal\u0131nt\u0131lar\u0131n\u0131n D\u00fc\u015fmesi Sonucu Dera K\u0131rsal\u0131nda Maddi Hasar Olu\u015ftu"},"content":{"rendered":"<p style=\"text-align: justify;\"><strong><span style=\"color: #ff0000;\">DERA (SANA)<\/span> &#8211;<\/strong>\u00a0 \u0130srail ve \u0130ran aras\u0131ndaki \u00e7at\u0131\u015fman\u0131n kal\u0131nt\u0131lar\u0131n\u0131n d\u00fc\u015fmesi sonucu, bu sabah Dera ilinin bat\u0131s\u0131ndaki Neva \u015fehrinde ve ilin bat\u0131 k\u0131rsal\u0131ndaki Hirbit Kays k\u00f6y\u00fcnde evlerde maddi hasar meydana geldi.<\/p>\n<p style=\"text-align: justify;\"><img loading=\"lazy\" decoding=\"async\" class=\"size-full wp-image-323231 alignright\" src=\"http:\/\/sana.sy\/tr\/wp-content\/uploads\/2025\/06\/photo_3_2025-06-16_17-12-47-300x200-1.jpg\" alt=\"\" width=\"300\" height=\"200\" \/>SANA&#8217;n\u0131n Daraa&#8217;daki muhabiri yerel kaynaklar\u0131 aktararak \u015funlar\u0131 s\u00f6yledi: \u2018\u2019Neva ve Hirbit Kays&#8217;ta iki \u0130HA d\u00fc\u015ft\u00fc ve baz\u0131 evlerde maddi hasar meydana geldi. Ayr\u0131ca, iki \u0130HA, Dera&#8217;n\u0131n bat\u0131s\u0131ndaki Nafaa k\u00f6y\u00fc civar\u0131ndaki tar\u0131m arazilerine d\u00fc\u015ft\u00fc ve herhangi bir can kayb\u0131na neden olmad\u0131.<\/p>\n<p style=\"text-align: justify;\">Muhabir ayr\u0131ca, bir f\u00fczenin kal\u0131nt\u0131lar\u0131n\u0131n Dera&#8217;n\u0131n kuzeyindeki Casim \u015fehrinin yak\u0131nlar\u0131nda bir ailenin ya\u015fad\u0131\u011f\u0131 \u00e7ad\u0131r\u0131n yak\u0131n\u0131na d\u00fc\u015ft\u00fc\u011f\u00fcn\u00fc, k\u0131smen alev ald\u0131\u011f\u0131n\u0131 ve can kayb\u0131n\u0131n olmad\u0131\u011f\u0131n\u0131 belirtti.<\/p>\n<p style=\"text-align: justify;\">Dera \u00a0Sa\u011fl\u0131k M\u00fcd\u00fcr\u00fc Dr. Ziyad El Mahamid ise, bu olaylar sonucunda hen\u00fcz can kayb\u0131yla ilgili bir bilgi al\u0131nmad\u0131\u011f\u0131n\u0131 ve b\u00f6lgedeki sa\u011fl\u0131k durumunun stabil oldu\u011funu a\u00e7\u0131klad\u0131.<\/p>\n<p style=\"text-align: justify;\">SANA&#8217;n\u0131n Kuneytra muhabiri ayr\u0131ca \u0130srail ile \u0130ran aras\u0131ndaki top at\u0131\u015flar\u0131n\u0131n kal\u0131nt\u0131lar\u0131n\u0131n eyaletin g\u00fcneyindeki El Me\u015fidah k\u00f6y\u00fc yak\u0131nlar\u0131na d\u00fc\u015ft\u00fc\u011f\u00fcn\u00fc bildirdi.<\/p>\n<div id='gallery-1' class='gallery galleryid-323229 gallery-columns-4 gallery-size-thumbnail'><figure class='gallery-item'>\n\t\t\t<div class='gallery-icon landscape'>\n\t\t\t\t<a href='https:\/\/archive.sana.sy\/tr\/?attachment_id=323232'><img loading=\"lazy\" decoding=\"async\" width=\"150\" height=\"150\" src=\"https:\/\/archive.sana.sy\/tr\/wp-content\/uploads\/2025\/06\/photo_5_2025-06-16_17-12-47-150x150.jpg\" class=\"attachment-thumbnail size-thumbnail\" alt=\"\" \/><\/a>\n\t\t\t<\/div><\/figure><figure class='gallery-item'>\n\t\t\t<div class='gallery-icon landscape'>\n\t\t\t\t<a href='https:\/\/archive.sana.sy\/tr\/?attachment_id=323233'><img loading=\"lazy\" decoding=\"async\" width=\"150\" height=\"150\" src=\"https:\/\/archive.sana.sy\/tr\/wp-content\/uploads\/2025\/06\/photo_4_2025-06-16_17-12-47-150x150.jpg\" class=\"attachment-thumbnail size-thumbnail\" alt=\"\" \/><\/a>\n\t\t\t<\/div><\/figure><figure class='gallery-item'>\n\t\t\t<div class='gallery-icon landscape'>\n\t\t\t\t<a href='https:\/\/archive.sana.sy\/tr\/?attachment_id=323234'><img loading=\"lazy\" decoding=\"async\" width=\"150\" height=\"150\" src=\"https:\/\/archive.sana.sy\/tr\/wp-content\/uploads\/2025\/06\/photo_1_2025-06-16_17-12-47-150x150.jpg\" class=\"attachment-thumbnail size-thumbnail\" alt=\"\" \/><\/a>\n\t\t\t<\/div><\/figure><figure class='gallery-item'>\n\t\t\t<div class='gallery-icon landscape'>\n\t\t\t\t<a href='https:\/\/archive.sana.sy\/tr\/?attachment_id=323235'><img loading=\"lazy\" decoding=\"async\" width=\"150\" height=\"150\" src=\"https:\/\/archive.sana.sy\/tr\/wp-content\/uploads\/2025\/06\/photo_3_2025-06-16_17-12-47-300x200-2-150x150.jpg\" class=\"attachment-thumbnail size-thumbnail\" alt=\"\" \/><\/a>\n\t\t\t<\/div><\/figure>\n\t\t<\/div>\n\n","protected":false},"excerpt":{"rendered":"<p>DERA (SANA) &#8211;\u00a0 \u0130srail ve \u0130ran aras\u0131ndaki \u00e7at\u0131\u015fman\u0131n kal\u0131nt\u0131lar\u0131n\u0131n d\u00fc\u015fmesi sonucu, bu sabah Dera ilinin bat\u0131s\u0131ndaki Neva \u015fehrinde ve ilin bat\u0131 k\u0131rsal\u0131ndaki Hirbit Kays k\u00f6y\u00fcnde evlerde maddi hasar meydana geldi. SANA&#8217;n\u0131n Daraa&#8217;daki muhabiri yerel kaynaklar\u0131 aktararak \u015funlar\u0131 s\u00f6yledi: \u2018\u2019Neva ve Hirbit Kays&#8217;ta iki \u0130HA d\u00fc\u015ft\u00fc ve baz\u0131 evlerde maddi hasar meydana geldi. Ayr\u0131ca, iki \u0130HA, &hellip;<\/p>\n","protected":false},"author":41,"featured_media":323230,"comment_status":"closed","ping_status":"closed","sticky":false,"template":"","format":"standard","meta":{"footnotes":""},"categories":[589,479,17988,478],"tags":[],"class_list":["post-323229","post","type-post","status-publish","format-standard","has-post-thumbnail","","category-haber-seridi","category-haberler-yerel","category-son-haberler","category-yerel"],"_links":{"self":[{"href":"https:\/\/archive.sana.sy\/tr\/index.php?rest_route=\/wp\/v2\/posts\/323229","targetHints":{"allow":["GET"]}}],"collection":[{"href":"https:\/\/archive.sana.sy\/tr\/index.php?rest_route=\/wp\/v2\/posts"}],"about":[{"href":"https:\/\/archive.sana.sy\/tr\/index.php?rest_route=\/wp\/v2\/types\/post"}],"author":[{"embeddable":true,"href":"https:\/\/archive.sana.sy\/tr\/index.php?rest_route=\/wp\/v2\/users\/41"}],"replies":[{"embeddable":true,"href":"https:\/\/archive.sana.sy\/tr\/index.php?rest_route=%2Fwp%2Fv2%2Fcomments&post=323229"}],"version-history":[{"count":1,"href":"https:\/\/archive.sana.sy\/tr\/index.php?rest_route=\/wp\/v2\/posts\/323229\/revisions"}],"predecessor-version":[{"id":323236,"href":"https:\/\/archive.sana.sy\/tr\/index.php?rest_route=\/wp\/v2\/posts\/323229\/revisions\/323236"}],"wp:featuredmedia":[{"embeddable":true,"href":"https:\/\/archive.sana.sy\/tr\/index.php?rest_route=\/wp\/v2\/media\/323230"}],"wp:attachment":[{"href":"https:\/\/archive.sana.sy\/tr\/index.php?rest_route=%2Fwp%2Fv2%2Fmedia&parent=323229"}],"wp:term":[{"taxonomy":"category","embeddable":true,"href":"https:\/\/archive.sana.sy\/tr\/index.php?rest_route=%2Fwp%2Fv2%2Fcategories&post=323229"},{"taxonomy":"post_tag","embeddable":true,"href":"https:\/\/archive.sana.sy\/tr\/index.php?rest_route=%2Fwp%2Fv2%2Ftags&post=323229"}],"curies":[{"name":"wp","href":"https:\/\/api.w.org\/{rel}","templated":true}]}}