{"id":323245,"date":"2025-06-16T21:31:39","date_gmt":"2025-06-16T18:31:39","guid":{"rendered":"https:\/\/sana.sy\/tr\/?p=323245"},"modified":"2025-06-16T21:31:39","modified_gmt":"2025-06-16T18:31:39","slug":"yaklasik-47-000-ton-komur-yuklu-bir-ticari-gemi-tartus-limanina-vardi","status":"publish","type":"post","link":"https:\/\/archive.sana.sy\/tr\/?p=323245","title":{"rendered":"Yakla\u015f\u0131k 47.000 Ton K\u00f6m\u00fcr Y\u00fckl\u00fc Bir Ticari Gemi Tartus Liman\u0131na Vard\u0131"},"content":{"rendered":"<p style=\"text-align: justify;\"><strong><span style=\"color: #ff0000;\">TARTUS (SANA)-<\/span>\u00a0\u00a0 <\/strong>Bug\u00fcn Tartus liman\u0131na, on be\u015f y\u0131l aradan sonra ilk kez yakla\u015f\u0131k 47 bin ton k\u00f6m\u00fcr ta\u015f\u0131yan bir ticari gemi geldi.<\/p>\n<p><img loading=\"lazy\" decoding=\"async\" class=\" wp-image-323248 alignright\" src=\"http:\/\/sana.sy\/tr\/wp-content\/uploads\/2025\/06\/11.jpg\" alt=\"\" width=\"274\" height=\"153\" \/>Kara ve Deniz Limanlar\u0131 Genel Otoritesi Halkla \u0130li\u015fkiler M\u00fcd\u00fcr\u00fc Mazen Allu\u015f, bir bas\u0131n a\u00e7\u0131klamas\u0131nda \u015funlar\u0131 belirtti: &#8221;Limandaki uzman personel, 10 ila 15 g\u00fcn s\u00fcrmesi planlanan y\u00fck\u00fc bo\u015faltmaya ba\u015flad\u0131. Bo\u015faltma, en y\u00fcksek g\u00fcvenlik ve operasyonel verimlilik standartlar\u0131na uygun olarak, i\u015fin h\u0131zla tamamlanmas\u0131n\u0131 sa\u011flamak i\u00e7in d\u00f6rt bo\u015faltma g\u00f6revlisi taraf\u0131ndan ayn\u0131 anda ger\u00e7ekle\u015ftiriliyor.&#8221;<\/p>\n<p style=\"text-align: justify;\">Allu\u015f ayr\u0131ca, Suriye limanlar\u0131 \u00fczerinden temel malzemelerin ak\u0131\u015f\u0131n\u0131\u00a0 art\u0131rmaya y\u00f6nelik devam eden \u00e7abalar\u0131n bir par\u00e7as\u0131 olarak, k\u00f6m\u00fcr\u00fcn bo\u015falt\u0131ld\u0131ktan sonra do\u011frudan kamyonla ba\u015fkent \u015eam&#8217;a ta\u015f\u0131naca\u011f\u0131n\u0131 a\u00e7\u0131klad\u0131.<\/p>\n","protected":false},"excerpt":{"rendered":"<p>TARTUS (SANA)-\u00a0\u00a0 Bug\u00fcn Tartus liman\u0131na, on be\u015f y\u0131l aradan sonra ilk kez yakla\u015f\u0131k 47 bin ton k\u00f6m\u00fcr ta\u015f\u0131yan bir ticari gemi geldi. Kara ve Deniz Limanlar\u0131 Genel Otoritesi Halkla \u0130li\u015fkiler M\u00fcd\u00fcr\u00fc Mazen Allu\u015f, bir bas\u0131n a\u00e7\u0131klamas\u0131nda \u015funlar\u0131 belirtti: &#8221;Limandaki uzman personel, 10 ila 15 g\u00fcn s\u00fcrmesi planlanan y\u00fck\u00fc bo\u015faltmaya ba\u015flad\u0131. Bo\u015faltma, en y\u00fcksek g\u00fcvenlik ve &hellip;<\/p>\n","protected":false},"author":41,"featured_media":323246,"comment_status":"closed","ping_status":"closed","sticky":false,"template":"","format":"standard","meta":{"footnotes":""},"categories":[485,589,486,17988],"tags":[],"class_list":["post-323245","post","type-post","status-publish","format-standard","has-post-thumbnail","","category-is-ve-sermaye","category-haber-seridi","category-haberler-is-ve-sermaye","category-son-haberler"],"_links":{"self":[{"href":"https:\/\/archive.sana.sy\/tr\/index.php?rest_route=\/wp\/v2\/posts\/323245","targetHints":{"allow":["GET"]}}],"collection":[{"href":"https:\/\/archive.sana.sy\/tr\/index.php?rest_route=\/wp\/v2\/posts"}],"about":[{"href":"https:\/\/archive.sana.sy\/tr\/index.php?rest_route=\/wp\/v2\/types\/post"}],"author":[{"embeddable":true,"href":"https:\/\/archive.sana.sy\/tr\/index.php?rest_route=\/wp\/v2\/users\/41"}],"replies":[{"embeddable":true,"href":"https:\/\/archive.sana.sy\/tr\/index.php?rest_route=%2Fwp%2Fv2%2Fcomments&post=323245"}],"version-history":[{"count":1,"href":"https:\/\/archive.sana.sy\/tr\/index.php?rest_route=\/wp\/v2\/posts\/323245\/revisions"}],"predecessor-version":[{"id":323249,"href":"https:\/\/archive.sana.sy\/tr\/index.php?rest_route=\/wp\/v2\/posts\/323245\/revisions\/323249"}],"wp:featuredmedia":[{"embeddable":true,"href":"https:\/\/archive.sana.sy\/tr\/index.php?rest_route=\/wp\/v2\/media\/323246"}],"wp:attachment":[{"href":"https:\/\/archive.sana.sy\/tr\/index.php?rest_route=%2Fwp%2Fv2%2Fmedia&parent=323245"}],"wp:term":[{"taxonomy":"category","embeddable":true,"href":"https:\/\/archive.sana.sy\/tr\/index.php?rest_route=%2Fwp%2Fv2%2Fcategories&post=323245"},{"taxonomy":"post_tag","embeddable":true,"href":"https:\/\/archive.sana.sy\/tr\/index.php?rest_route=%2Fwp%2Fv2%2Ftags&post=323245"}],"curies":[{"name":"wp","href":"https:\/\/api.w.org\/{rel}","templated":true}]}}