{"id":323263,"date":"2025-06-17T08:18:17","date_gmt":"2025-06-17T05:18:17","guid":{"rendered":"https:\/\/sana.sy\/tr\/?p=323263"},"modified":"2025-06-17T09:21:16","modified_gmt":"2025-06-17T06:21:16","slug":"genelkurmay-baskani-kimyasal-silahlarin-yasaklanmasi-orgutunden-bir-heyeti-kabul-etti","status":"publish","type":"post","link":"https:\/\/archive.sana.sy\/tr\/?p=323263","title":{"rendered":"Genelkurmay Ba\u015fkan\u0131, Kimyasal Silahlar\u0131n Yasaklanmas\u0131 \u00d6rg\u00fct\u00fc&#8217;nden Bir Heyeti Kabul Etti"},"content":{"rendered":"<p style=\"text-align: justify;\"><strong><span style=\"color: #ff0000;\">\u015eAM (SANA) &#8211;<\/span>\u00a0<\/strong>Genelkurmay Ba\u015fkan\u0131 T\u00fcmgeneral Ali El Nasan, Kimyasal Silahlar\u0131n Yasaklanmas\u0131 \u00d6rg\u00fct\u00fc &#8220;OPCW&#8221; heyetini \u015eam&#8217;daki Savunma Bakanl\u0131\u011f\u0131 karargah\u0131nda kabul etti.<\/p>\n<p style=\"text-align: justify;\">Taraflar, ortak taahh\u00fctlere hizmet etmek, \u015feffafl\u0131k ve kar\u015f\u0131l\u0131kl\u0131 anlay\u0131\u015f\u0131 art\u0131rmak amac\u0131yla Savunma Bakanl\u0131\u011f\u0131 ile te\u015fkilat aras\u0131nda i\u015fbirli\u011fi ve koordinasyon yollar\u0131n\u0131 ele ald\u0131.<\/p>\n<div id='gallery-1' class='gallery galleryid-323263 gallery-columns-1 gallery-size-full'><figure class='gallery-item'>\n\t\t\t<div class='gallery-icon landscape'>\n\t\t\t\t<a href='https:\/\/archive.sana.sy\/tr\/wp-content\/uploads\/2025\/06\/photo_1_2025-06-17_06-39-35.jpg'><img loading=\"lazy\" decoding=\"async\" width=\"1280\" height=\"853\" src=\"https:\/\/archive.sana.sy\/tr\/wp-content\/uploads\/2025\/06\/photo_1_2025-06-17_06-39-35.jpg\" class=\"attachment-full size-full\" alt=\"\" srcset=\"https:\/\/archive.sana.sy\/tr\/wp-content\/uploads\/2025\/06\/photo_1_2025-06-17_06-39-35.jpg 1280w, https:\/\/archive.sana.sy\/tr\/wp-content\/uploads\/2025\/06\/photo_1_2025-06-17_06-39-35-300x200.jpg 300w, https:\/\/archive.sana.sy\/tr\/wp-content\/uploads\/2025\/06\/photo_1_2025-06-17_06-39-35-1024x682.jpg 1024w, https:\/\/archive.sana.sy\/tr\/wp-content\/uploads\/2025\/06\/photo_1_2025-06-17_06-39-35-768x512.jpg 768w\" sizes=\"auto, (max-width: 1280px) 100vw, 1280px\" \/><\/a>\n\t\t\t<\/div><\/figure><figure class='gallery-item'>\n\t\t\t<div class='gallery-icon landscape'>\n\t\t\t\t<a href='https:\/\/archive.sana.sy\/tr\/wp-content\/uploads\/2025\/06\/photo_2_2025-06-17_06-39-35.jpg'><img loading=\"lazy\" decoding=\"async\" width=\"1280\" height=\"853\" src=\"https:\/\/archive.sana.sy\/tr\/wp-content\/uploads\/2025\/06\/photo_2_2025-06-17_06-39-35.jpg\" class=\"attachment-full size-full\" alt=\"\" srcset=\"https:\/\/archive.sana.sy\/tr\/wp-content\/uploads\/2025\/06\/photo_2_2025-06-17_06-39-35.jpg 1280w, https:\/\/archive.sana.sy\/tr\/wp-content\/uploads\/2025\/06\/photo_2_2025-06-17_06-39-35-300x200.jpg 300w, https:\/\/archive.sana.sy\/tr\/wp-content\/uploads\/2025\/06\/photo_2_2025-06-17_06-39-35-1024x682.jpg 1024w, https:\/\/archive.sana.sy\/tr\/wp-content\/uploads\/2025\/06\/photo_2_2025-06-17_06-39-35-768x512.jpg 768w\" sizes=\"auto, (max-width: 1280px) 100vw, 1280px\" \/><\/a>\n\t\t\t<\/div><\/figure><figure class='gallery-item'>\n\t\t\t<div class='gallery-icon landscape'>\n\t\t\t\t<a href='https:\/\/archive.sana.sy\/tr\/wp-content\/uploads\/2025\/06\/photo_3_2025-06-17_06-39-35.jpg'><img loading=\"lazy\" decoding=\"async\" width=\"1280\" height=\"853\" src=\"https:\/\/archive.sana.sy\/tr\/wp-content\/uploads\/2025\/06\/photo_3_2025-06-17_06-39-35.jpg\" class=\"attachment-full size-full\" alt=\"\" srcset=\"https:\/\/archive.sana.sy\/tr\/wp-content\/uploads\/2025\/06\/photo_3_2025-06-17_06-39-35.jpg 1280w, https:\/\/archive.sana.sy\/tr\/wp-content\/uploads\/2025\/06\/photo_3_2025-06-17_06-39-35-300x200.jpg 300w, https:\/\/archive.sana.sy\/tr\/wp-content\/uploads\/2025\/06\/photo_3_2025-06-17_06-39-35-1024x682.jpg 1024w, https:\/\/archive.sana.sy\/tr\/wp-content\/uploads\/2025\/06\/photo_3_2025-06-17_06-39-35-768x512.jpg 768w\" sizes=\"auto, (max-width: 1280px) 100vw, 1280px\" \/><\/a>\n\t\t\t<\/div><\/figure><figure class='gallery-item'>\n\t\t\t<div class='gallery-icon landscape'>\n\t\t\t\t<a href='https:\/\/archive.sana.sy\/tr\/wp-content\/uploads\/2025\/06\/photo_4_2025-06-17_06-39-35.jpg'><img loading=\"lazy\" decoding=\"async\" width=\"1280\" height=\"853\" src=\"https:\/\/archive.sana.sy\/tr\/wp-content\/uploads\/2025\/06\/photo_4_2025-06-17_06-39-35.jpg\" class=\"attachment-full size-full\" alt=\"\" srcset=\"https:\/\/archive.sana.sy\/tr\/wp-content\/uploads\/2025\/06\/photo_4_2025-06-17_06-39-35.jpg 1280w, https:\/\/archive.sana.sy\/tr\/wp-content\/uploads\/2025\/06\/photo_4_2025-06-17_06-39-35-300x200.jpg 300w, https:\/\/archive.sana.sy\/tr\/wp-content\/uploads\/2025\/06\/photo_4_2025-06-17_06-39-35-1024x682.jpg 1024w, https:\/\/archive.sana.sy\/tr\/wp-content\/uploads\/2025\/06\/photo_4_2025-06-17_06-39-35-768x512.jpg 768w\" sizes=\"auto, (max-width: 1280px) 100vw, 1280px\" \/><\/a>\n\t\t\t<\/div><\/figure><figure class='gallery-item'>\n\t\t\t<div class='gallery-icon landscape'>\n\t\t\t\t<a href='https:\/\/archive.sana.sy\/tr\/wp-content\/uploads\/2025\/06\/photo_5_2025-06-17_06-39-35.jpg'><img loading=\"lazy\" decoding=\"async\" width=\"1280\" height=\"853\" src=\"https:\/\/archive.sana.sy\/tr\/wp-content\/uploads\/2025\/06\/photo_5_2025-06-17_06-39-35.jpg\" class=\"attachment-full size-full\" alt=\"\" srcset=\"https:\/\/archive.sana.sy\/tr\/wp-content\/uploads\/2025\/06\/photo_5_2025-06-17_06-39-35.jpg 1280w, https:\/\/archive.sana.sy\/tr\/wp-content\/uploads\/2025\/06\/photo_5_2025-06-17_06-39-35-300x200.jpg 300w, https:\/\/archive.sana.sy\/tr\/wp-content\/uploads\/2025\/06\/photo_5_2025-06-17_06-39-35-1024x682.jpg 1024w, https:\/\/archive.sana.sy\/tr\/wp-content\/uploads\/2025\/06\/photo_5_2025-06-17_06-39-35-768x512.jpg 768w\" sizes=\"auto, (max-width: 1280px) 100vw, 1280px\" \/><\/a>\n\t\t\t<\/div><\/figure><figure class='gallery-item'>\n\t\t\t<div class='gallery-icon landscape'>\n\t\t\t\t<a href='https:\/\/archive.sana.sy\/tr\/wp-content\/uploads\/2025\/06\/photo_6_2025-06-17_06-39-35.jpg'><img loading=\"lazy\" decoding=\"async\" width=\"1280\" height=\"853\" src=\"https:\/\/archive.sana.sy\/tr\/wp-content\/uploads\/2025\/06\/photo_6_2025-06-17_06-39-35.jpg\" class=\"attachment-full size-full\" alt=\"\" srcset=\"https:\/\/archive.sana.sy\/tr\/wp-content\/uploads\/2025\/06\/photo_6_2025-06-17_06-39-35.jpg 1280w, https:\/\/archive.sana.sy\/tr\/wp-content\/uploads\/2025\/06\/photo_6_2025-06-17_06-39-35-300x200.jpg 300w, https:\/\/archive.sana.sy\/tr\/wp-content\/uploads\/2025\/06\/photo_6_2025-06-17_06-39-35-1024x682.jpg 1024w, https:\/\/archive.sana.sy\/tr\/wp-content\/uploads\/2025\/06\/photo_6_2025-06-17_06-39-35-768x512.jpg 768w\" sizes=\"auto, (max-width: 1280px) 100vw, 1280px\" \/><\/a>\n\t\t\t<\/div><\/figure><figure class='gallery-item'>\n\t\t\t<div class='gallery-icon landscape'>\n\t\t\t\t<a href='https:\/\/archive.sana.sy\/tr\/wp-content\/uploads\/2025\/06\/photo_8_2025-06-17_06-39-35.jpg'><img loading=\"lazy\" decoding=\"async\" width=\"1280\" height=\"853\" src=\"https:\/\/archive.sana.sy\/tr\/wp-content\/uploads\/2025\/06\/photo_8_2025-06-17_06-39-35.jpg\" class=\"attachment-full size-full\" alt=\"\" srcset=\"https:\/\/archive.sana.sy\/tr\/wp-content\/uploads\/2025\/06\/photo_8_2025-06-17_06-39-35.jpg 1280w, https:\/\/archive.sana.sy\/tr\/wp-content\/uploads\/2025\/06\/photo_8_2025-06-17_06-39-35-300x200.jpg 300w, https:\/\/archive.sana.sy\/tr\/wp-content\/uploads\/2025\/06\/photo_8_2025-06-17_06-39-35-1024x682.jpg 1024w, https:\/\/archive.sana.sy\/tr\/wp-content\/uploads\/2025\/06\/photo_8_2025-06-17_06-39-35-768x512.jpg 768w\" sizes=\"auto, (max-width: 1280px) 100vw, 1280px\" \/><\/a>\n\t\t\t<\/div><\/figure>\n\t\t<\/div>\n\n","protected":false},"excerpt":{"rendered":"<p>\u015eAM (SANA) &#8211;\u00a0Genelkurmay Ba\u015fkan\u0131 T\u00fcmgeneral Ali El Nasan, Kimyasal Silahlar\u0131n Yasaklanmas\u0131 \u00d6rg\u00fct\u00fc &#8220;OPCW&#8221; heyetini \u015eam&#8217;daki Savunma Bakanl\u0131\u011f\u0131 karargah\u0131nda kabul etti. Taraflar, ortak taahh\u00fctlere hizmet etmek, \u015feffafl\u0131k ve kar\u015f\u0131l\u0131kl\u0131 anlay\u0131\u015f\u0131 art\u0131rmak amac\u0131yla Savunma Bakanl\u0131\u011f\u0131 ile te\u015fkilat aras\u0131nda i\u015fbirli\u011fi ve koordinasyon yollar\u0131n\u0131 ele ald\u0131.<\/p>\n","protected":false},"author":36,"featured_media":323271,"comment_status":"closed","ping_status":"closed","sticky":false,"template":"","format":"standard","meta":{"footnotes":""},"categories":[596,589,479,17988,478],"tags":[],"class_list":["post-323263","post","type-post","status-publish","format-standard","has-post-thumbnail","","category-fotografli-raporlar","category-haber-seridi","category-haberler-yerel","category-son-haberler","category-yerel"],"_links":{"self":[{"href":"https:\/\/archive.sana.sy\/tr\/index.php?rest_route=\/wp\/v2\/posts\/323263","targetHints":{"allow":["GET"]}}],"collection":[{"href":"https:\/\/archive.sana.sy\/tr\/index.php?rest_route=\/wp\/v2\/posts"}],"about":[{"href":"https:\/\/archive.sana.sy\/tr\/index.php?rest_route=\/wp\/v2\/types\/post"}],"author":[{"embeddable":true,"href":"https:\/\/archive.sana.sy\/tr\/index.php?rest_route=\/wp\/v2\/users\/36"}],"replies":[{"embeddable":true,"href":"https:\/\/archive.sana.sy\/tr\/index.php?rest_route=%2Fwp%2Fv2%2Fcomments&post=323263"}],"version-history":[{"count":1,"href":"https:\/\/archive.sana.sy\/tr\/index.php?rest_route=\/wp\/v2\/posts\/323263\/revisions"}],"predecessor-version":[{"id":323272,"href":"https:\/\/archive.sana.sy\/tr\/index.php?rest_route=\/wp\/v2\/posts\/323263\/revisions\/323272"}],"wp:featuredmedia":[{"embeddable":true,"href":"https:\/\/archive.sana.sy\/tr\/index.php?rest_route=\/wp\/v2\/media\/323271"}],"wp:attachment":[{"href":"https:\/\/archive.sana.sy\/tr\/index.php?rest_route=%2Fwp%2Fv2%2Fmedia&parent=323263"}],"wp:term":[{"taxonomy":"category","embeddable":true,"href":"https:\/\/archive.sana.sy\/tr\/index.php?rest_route=%2Fwp%2Fv2%2Fcategories&post=323263"},{"taxonomy":"post_tag","embeddable":true,"href":"https:\/\/archive.sana.sy\/tr\/index.php?rest_route=%2Fwp%2Fv2%2Ftags&post=323263"}],"curies":[{"name":"wp","href":"https:\/\/api.w.org\/{rel}","templated":true}]}}