{"id":323277,"date":"2025-06-17T15:31:12","date_gmt":"2025-06-17T12:31:12","guid":{"rendered":"https:\/\/sana.sy\/tr\/?p=323277"},"modified":"2025-06-17T15:31:24","modified_gmt":"2025-06-17T12:31:24","slug":"ab-suriyede-halk-meclisi-secimleri-yuksek-komitesinin-kurulmasini-memnuniyetle-karsiladi","status":"publish","type":"post","link":"https:\/\/archive.sana.sy\/tr\/?p=323277","title":{"rendered":"AB, Suriye&#8217;de Halk Meclisi Se\u00e7imleri Y\u00fcksek Komitesi&#8217;nin Kurulmas\u0131n\u0131 Memnuniyetle Kar\u015f\u0131lad\u0131"},"content":{"rendered":"<p style=\"text-align: justify;\"><span style=\"color: #ff0000;\"><strong>BR\u00dcKSEL (SANA) <\/strong><\/span>&#8211; Avrupa Birli\u011fi Suriye Delegasyonu Maslahatg\u00fczar\u0131 Michael Unmacht, Halk Meclisi Se\u00e7imleri Y\u00fcksek Komitesi&#8217;nin kurulmas\u0131n\u0131 memnuniyetle kar\u015f\u0131lad\u0131.<\/p>\n<p style=\"text-align: justify;\">Unmacht, X platformunda yapt\u0131\u011f\u0131 bir payla\u015f\u0131mda \u015funlar\u0131 s\u00f6yledi: &#8220;Avrupa Birli\u011fi, Se\u00e7imler Y\u00fcksek Komitesi&#8217;nin kurulmas\u0131 duyurusunu memnuniyetle kar\u015f\u0131l\u0131yor ve bunu Suriye&#8217;deki bir sonraki ge\u00e7i\u015f a\u015famas\u0131n\u0131n \u015fekillendirilmesinde ve t\u00fcm Suriyelilerin \u00f6zlemlerini kar\u015f\u0131layan ulusal y\u00f6netimin g\u00fc\u00e7lendirilmesinde \u00f6nemli bir d\u00f6n\u00fcm noktas\u0131 olarak g\u00f6r\u00fcyor.&#8221;<\/p>\n<p style=\"text-align: justify;\">Unmacht Ayr\u0131ca \u015funlar\u0131 ekledi: &#8220;Ge\u00e7i\u015f yasama yetkisi, t\u00fcm Suriyelilerin geleceklerini \u015fekillendirmede kapsay\u0131c\u0131l\u0131\u011f\u0131, etkili kat\u0131l\u0131m\u0131 ve ger\u00e7ek temsili sa\u011flamada \u00f6nemli bir rol oynayacak ve Avrupa Birli\u011fi bu \u00e7abalar\u0131 desteklemek i\u00e7in uzmanl\u0131\u011f\u0131n\u0131 sunmaya haz\u0131r.&#8221;<\/p>\n","protected":false},"excerpt":{"rendered":"<p>BR\u00dcKSEL (SANA) &#8211; Avrupa Birli\u011fi Suriye Delegasyonu Maslahatg\u00fczar\u0131 Michael Unmacht, Halk Meclisi Se\u00e7imleri Y\u00fcksek Komitesi&#8217;nin kurulmas\u0131n\u0131 memnuniyetle kar\u015f\u0131lad\u0131. Unmacht, X platformunda yapt\u0131\u011f\u0131 bir payla\u015f\u0131mda \u015funlar\u0131 s\u00f6yledi: &#8220;Avrupa Birli\u011fi, Se\u00e7imler Y\u00fcksek Komitesi&#8217;nin kurulmas\u0131 duyurusunu memnuniyetle kar\u015f\u0131l\u0131yor ve bunu Suriye&#8217;deki bir sonraki ge\u00e7i\u015f a\u015famas\u0131n\u0131n \u015fekillendirilmesinde ve t\u00fcm Suriyelilerin \u00f6zlemlerini kar\u015f\u0131layan ulusal y\u00f6netimin g\u00fc\u00e7lendirilmesinde \u00f6nemli bir d\u00f6n\u00fcm noktas\u0131 &hellip;<\/p>\n","protected":false},"author":41,"featured_media":323278,"comment_status":"closed","ping_status":"closed","sticky":false,"template":"","format":"standard","meta":{"footnotes":""},"categories":[458,589,459,17988],"tags":[],"class_list":["post-323277","post","type-post","status-publish","format-standard","has-post-thumbnail","","category-dunya1","category-haber-seridi","category-haberler-arap-uluslararasi-politika","category-son-haberler"],"_links":{"self":[{"href":"https:\/\/archive.sana.sy\/tr\/index.php?rest_route=\/wp\/v2\/posts\/323277","targetHints":{"allow":["GET"]}}],"collection":[{"href":"https:\/\/archive.sana.sy\/tr\/index.php?rest_route=\/wp\/v2\/posts"}],"about":[{"href":"https:\/\/archive.sana.sy\/tr\/index.php?rest_route=\/wp\/v2\/types\/post"}],"author":[{"embeddable":true,"href":"https:\/\/archive.sana.sy\/tr\/index.php?rest_route=\/wp\/v2\/users\/41"}],"replies":[{"embeddable":true,"href":"https:\/\/archive.sana.sy\/tr\/index.php?rest_route=%2Fwp%2Fv2%2Fcomments&post=323277"}],"version-history":[{"count":2,"href":"https:\/\/archive.sana.sy\/tr\/index.php?rest_route=\/wp\/v2\/posts\/323277\/revisions"}],"predecessor-version":[{"id":323280,"href":"https:\/\/archive.sana.sy\/tr\/index.php?rest_route=\/wp\/v2\/posts\/323277\/revisions\/323280"}],"wp:featuredmedia":[{"embeddable":true,"href":"https:\/\/archive.sana.sy\/tr\/index.php?rest_route=\/wp\/v2\/media\/323278"}],"wp:attachment":[{"href":"https:\/\/archive.sana.sy\/tr\/index.php?rest_route=%2Fwp%2Fv2%2Fmedia&parent=323277"}],"wp:term":[{"taxonomy":"category","embeddable":true,"href":"https:\/\/archive.sana.sy\/tr\/index.php?rest_route=%2Fwp%2Fv2%2Fcategories&post=323277"},{"taxonomy":"post_tag","embeddable":true,"href":"https:\/\/archive.sana.sy\/tr\/index.php?rest_route=%2Fwp%2Fv2%2Ftags&post=323277"}],"curies":[{"name":"wp","href":"https:\/\/api.w.org\/{rel}","templated":true}]}}