{"id":323287,"date":"2025-06-17T10:00:24","date_gmt":"2025-06-17T07:00:24","guid":{"rendered":"https:\/\/sana.sy\/tr\/?p=323287"},"modified":"2025-06-17T18:06:41","modified_gmt":"2025-06-17T15:06:41","slug":"fiba-asya-suriye-milli-basketbol-takiminin-2027-dunya-kupasi-elemelerini-kendi-topraklarinda-oynamasina-izin-verdi","status":"publish","type":"post","link":"https:\/\/archive.sana.sy\/tr\/?p=323287","title":{"rendered":"FIBA Asya, Suriye Milli Basketbol Tak\u0131m\u0131n\u0131n 2027 D\u00fcnya Kupas\u0131 Elemelerini Kendi Topraklar\u0131nda Oynamas\u0131na \u0130zin Verdi"},"content":{"rendered":"<p style=\"text-align: justify;\"><span style=\"color: #ff0000;\"><strong>\u015eAM (SANA)-<\/strong><\/span>\u00a0Uluslararas\u0131 Basketbol Federasyonu (FIBA Asya) B\u00f6lge Ofisi, Suriye milli basketbol tak\u0131m\u0131n\u0131n \u00f6n\u00fcm\u00fczdeki Kas\u0131m ay\u0131nda ba\u015flamas\u0131 planlanan t\u00fcm 2027 D\u00fcnya Kupas\u0131 elemeleri i\u00e7in \u015eam&#8217;daki El Fayhaa Ana Salonu&#8217;nda kendi topraklar\u0131nda oynamas\u0131na izin vermeye karar verdi.<\/p>\n<p style=\"text-align: justify;\">Bu karar, Gen\u00e7lik ve Spor Bakanl\u0131\u011f\u0131 ve Suriye Basketbol \u0130\u015fleri Ge\u00e7ici Y\u00f6netimi Komitesi taraf\u0131ndan son d\u00f6nemde devam eden \u00e7abalar ve takiplerin bir sonucu olarak geldi.<\/p>\n","protected":false},"excerpt":{"rendered":"<p>\u015eAM (SANA)-\u00a0Uluslararas\u0131 Basketbol Federasyonu (FIBA Asya) B\u00f6lge Ofisi, Suriye milli basketbol tak\u0131m\u0131n\u0131n \u00f6n\u00fcm\u00fczdeki Kas\u0131m ay\u0131nda ba\u015flamas\u0131 planlanan t\u00fcm 2027 D\u00fcnya Kupas\u0131 elemeleri i\u00e7in \u015eam&#8217;daki El Fayhaa Ana Salonu&#8217;nda kendi topraklar\u0131nda oynamas\u0131na izin vermeye karar verdi. Bu karar, Gen\u00e7lik ve Spor Bakanl\u0131\u011f\u0131 ve Suriye Basketbol \u0130\u015fleri Ge\u00e7ici Y\u00f6netimi Komitesi taraf\u0131ndan son d\u00f6nemde devam eden \u00e7abalar ve &hellip;<\/p>\n","protected":false},"author":41,"featured_media":323288,"comment_status":"closed","ping_status":"closed","sticky":false,"template":"","format":"standard","meta":{"footnotes":""},"categories":[589,17988,496],"tags":[],"class_list":["post-323287","post","type-post","status-publish","format-standard","has-post-thumbnail","","category-haber-seridi","category-son-haberler","category-spor"],"_links":{"self":[{"href":"https:\/\/archive.sana.sy\/tr\/index.php?rest_route=\/wp\/v2\/posts\/323287","targetHints":{"allow":["GET"]}}],"collection":[{"href":"https:\/\/archive.sana.sy\/tr\/index.php?rest_route=\/wp\/v2\/posts"}],"about":[{"href":"https:\/\/archive.sana.sy\/tr\/index.php?rest_route=\/wp\/v2\/types\/post"}],"author":[{"embeddable":true,"href":"https:\/\/archive.sana.sy\/tr\/index.php?rest_route=\/wp\/v2\/users\/41"}],"replies":[{"embeddable":true,"href":"https:\/\/archive.sana.sy\/tr\/index.php?rest_route=%2Fwp%2Fv2%2Fcomments&post=323287"}],"version-history":[{"count":2,"href":"https:\/\/archive.sana.sy\/tr\/index.php?rest_route=\/wp\/v2\/posts\/323287\/revisions"}],"predecessor-version":[{"id":323293,"href":"https:\/\/archive.sana.sy\/tr\/index.php?rest_route=\/wp\/v2\/posts\/323287\/revisions\/323293"}],"wp:featuredmedia":[{"embeddable":true,"href":"https:\/\/archive.sana.sy\/tr\/index.php?rest_route=\/wp\/v2\/media\/323288"}],"wp:attachment":[{"href":"https:\/\/archive.sana.sy\/tr\/index.php?rest_route=%2Fwp%2Fv2%2Fmedia&parent=323287"}],"wp:term":[{"taxonomy":"category","embeddable":true,"href":"https:\/\/archive.sana.sy\/tr\/index.php?rest_route=%2Fwp%2Fv2%2Fcategories&post=323287"},{"taxonomy":"post_tag","embeddable":true,"href":"https:\/\/archive.sana.sy\/tr\/index.php?rest_route=%2Fwp%2Fv2%2Ftags&post=323287"}],"curies":[{"name":"wp","href":"https:\/\/api.w.org\/{rel}","templated":true}]}}