{"id":323294,"date":"2025-06-17T18:11:11","date_gmt":"2025-06-17T15:11:11","guid":{"rendered":"https:\/\/sana.sy\/tr\/?p=323294"},"modified":"2025-06-17T18:11:11","modified_gmt":"2025-06-17T15:11:11","slug":"suriye-havayollari-ucus-planlamasi-mevcut-kapasitelere-gore-devam-ediyor-ve-ucuslar-yarin-icin-planlaniyor","status":"publish","type":"post","link":"https:\/\/archive.sana.sy\/tr\/?p=323294","title":{"rendered":"Suriye Havayollar\u0131: U\u00e7u\u015f Planlamas\u0131, Mevcut Kapasitelere G\u00f6re Devam Ediyor Ve U\u00e7u\u015flar Yar\u0131n \u0130\u00e7in Planlan\u0131yor"},"content":{"rendered":"<p style=\"text-align: justify;\"><span style=\"color: #ff0000;\"><strong>\u015eAM (SANA) &#8211;<\/strong><\/span>\u00a0 Suriye Havayollar\u0131, hava sahas\u0131n\u0131n k\u0131smen kapal\u0131 kalmas\u0131 ve u\u00e7aklar\u0131n Suriye hava sahas\u0131na girip \u00e7\u0131kmas\u0131 i\u00e7in ortaya \u00e7\u0131kan s\u0131n\u0131rl\u0131 zaman dilimlerinin temsil etti\u011fi mevcut ko\u015fullar \u0131\u015f\u0131\u011f\u0131nda, elinden gelenin en iyisini yaparak m\u00fcmk\u00fcn olan en fazla say\u0131da u\u00e7u\u015fu planlamaya devam etti\u011fini vurgulad\u0131.<\/p>\n<p style=\"text-align: justify;\">\u015eirket, Telegram kanal\u0131 arac\u0131l\u0131\u011f\u0131yla, bu a\u00e7\u0131klaman\u0131n yay\u0131nland\u0131\u011f\u0131 tarih itibar\u0131yla yar\u0131n, \u00c7ar\u015famba g\u00fcn\u00fc i\u00e7in bir dizi u\u00e7u\u015fun planland\u0131\u011f\u0131n\u0131 a\u00e7\u0131klad\u0131.<\/p>\n<p style=\"text-align: justify;\"><span style=\"color: #0000ff;\">Buna g\u00f6re a\u015fa\u011f\u0131daki karar al\u0131nm\u0131\u015ft\u0131r:<\/span><\/p>\n<ul>\n<li style=\"text-align: justify;\">515 gidi\u015f ve 516 d\u00f6n\u00fc\u015f numaral\u0131 \u015eam-Dubai-\u015eam seferi \u015eam Uluslararas\u0131 Havaliman\u0131&#8217;ndan sabah 7:00&#8217;de kalkacakt\u0131r.<\/li>\n<li style=\"text-align: justify;\">D\u00f6n\u00fc\u015f u\u00e7u\u015fu Dubai&#8217;den sabah 11:30&#8217;da kalkacakt\u0131r.<\/li>\n<li style=\"text-align: justify;\">389 gidi\u015f ve 390 d\u00f6n\u00fc\u015f numaral\u0131 \u015eam-Riyad-\u015eam seferi \u015eam&#8217;dan sabah 7:30&#8217;da kalkacakt\u0131r, Riyad&#8217;dan kalk\u0131\u015f saati ise 11:00&#8217;dir.<\/li>\n<li style=\"text-align: justify;\">443 gidi\u015f ve 444 d\u00f6n\u00fc\u015f numaral\u0131 \u015eam-\u0130stanbul-\u015eam seferi \u015eam&#8217;dan sabah 9:00&#8217;da kalkacak ve 12:00&#8217;de \u0130stanbul&#8217;dan ayr\u0131lacakt\u0131r.<\/li>\n<li style=\"text-align: justify;\">521 gidi\u015f numaral\u0131 \u015eam-Doha-\u015eam seferi \u015eam&#8217;dan \u00f6\u011fleden sonra 4:00&#8217;te kalkacakt\u0131r.<\/li>\n<li style=\"text-align: justify;\">Doha&#8217;dan d\u00f6n\u00fc\u015f u\u00e7u\u015fu Per\u015fembe, 19 Haziran sabah\u0131 04:30&#8217;da kalkacak.<\/li>\n<li style=\"text-align: justify;\">501 gidi\u015f ve 502 d\u00f6n\u00fc\u015f numaral\u0131 \u015eam-\u015earika-\u015eam u\u00e7u\u015funun \u015eam&#8217;dan hareket etmesi planlan\u0131yor. \u015eam Uluslararas\u0131 Havaliman\u0131&#8217;ndan 14:30&#8217;da kalkacak.<\/li>\n<li style=\"text-align: justify;\">19 Haziran Per\u015fembe g\u00fcn\u00fc 03:30&#8217;da \u015earika&#8217;dan hareket edecek.<\/li>\n<\/ul>\n","protected":false},"excerpt":{"rendered":"<p>\u015eAM (SANA) &#8211;\u00a0 Suriye Havayollar\u0131, hava sahas\u0131n\u0131n k\u0131smen kapal\u0131 kalmas\u0131 ve u\u00e7aklar\u0131n Suriye hava sahas\u0131na girip \u00e7\u0131kmas\u0131 i\u00e7in ortaya \u00e7\u0131kan s\u0131n\u0131rl\u0131 zaman dilimlerinin temsil etti\u011fi mevcut ko\u015fullar \u0131\u015f\u0131\u011f\u0131nda, elinden gelenin en iyisini yaparak m\u00fcmk\u00fcn olan en fazla say\u0131da u\u00e7u\u015fu planlamaya devam etti\u011fini vurgulad\u0131. \u015eirket, Telegram kanal\u0131 arac\u0131l\u0131\u011f\u0131yla, bu a\u00e7\u0131klaman\u0131n yay\u0131nland\u0131\u011f\u0131 tarih itibar\u0131yla yar\u0131n, \u00c7ar\u015famba g\u00fcn\u00fc &hellip;<\/p>\n","protected":false},"author":41,"featured_media":323295,"comment_status":"closed","ping_status":"closed","sticky":false,"template":"","format":"standard","meta":{"footnotes":""},"categories":[458,589,459,17988],"tags":[],"class_list":["post-323294","post","type-post","status-publish","format-standard","has-post-thumbnail","","category-dunya1","category-haber-seridi","category-haberler-arap-uluslararasi-politika","category-son-haberler"],"_links":{"self":[{"href":"https:\/\/archive.sana.sy\/tr\/index.php?rest_route=\/wp\/v2\/posts\/323294","targetHints":{"allow":["GET"]}}],"collection":[{"href":"https:\/\/archive.sana.sy\/tr\/index.php?rest_route=\/wp\/v2\/posts"}],"about":[{"href":"https:\/\/archive.sana.sy\/tr\/index.php?rest_route=\/wp\/v2\/types\/post"}],"author":[{"embeddable":true,"href":"https:\/\/archive.sana.sy\/tr\/index.php?rest_route=\/wp\/v2\/users\/41"}],"replies":[{"embeddable":true,"href":"https:\/\/archive.sana.sy\/tr\/index.php?rest_route=%2Fwp%2Fv2%2Fcomments&post=323294"}],"version-history":[{"count":1,"href":"https:\/\/archive.sana.sy\/tr\/index.php?rest_route=\/wp\/v2\/posts\/323294\/revisions"}],"predecessor-version":[{"id":323296,"href":"https:\/\/archive.sana.sy\/tr\/index.php?rest_route=\/wp\/v2\/posts\/323294\/revisions\/323296"}],"wp:featuredmedia":[{"embeddable":true,"href":"https:\/\/archive.sana.sy\/tr\/index.php?rest_route=\/wp\/v2\/media\/323295"}],"wp:attachment":[{"href":"https:\/\/archive.sana.sy\/tr\/index.php?rest_route=%2Fwp%2Fv2%2Fmedia&parent=323294"}],"wp:term":[{"taxonomy":"category","embeddable":true,"href":"https:\/\/archive.sana.sy\/tr\/index.php?rest_route=%2Fwp%2Fv2%2Fcategories&post=323294"},{"taxonomy":"post_tag","embeddable":true,"href":"https:\/\/archive.sana.sy\/tr\/index.php?rest_route=%2Fwp%2Fv2%2Ftags&post=323294"}],"curies":[{"name":"wp","href":"https:\/\/api.w.org\/{rel}","templated":true}]}}