{"id":323297,"date":"2025-06-17T18:48:46","date_gmt":"2025-06-17T15:48:46","guid":{"rendered":"https:\/\/sana.sy\/tr\/?p=323297"},"modified":"2025-06-19T17:22:50","modified_gmt":"2025-06-19T14:22:50","slug":"disisleri-bakani-ile-alman-mevkidasi-arasinda-telefon-gorusmesi-gerceklesti","status":"publish","type":"post","link":"https:\/\/archive.sana.sy\/tr\/?p=323297","title":{"rendered":"D\u0131\u015fi\u015fleri Bakan\u0131 \u0130le Alman Mevkida\u015f\u0131 Aras\u0131nda Telefon G\u00f6r\u00fc\u015fmesi Ger\u00e7ekle\u015fti"},"content":{"rendered":"<p style=\"text-align: justify;\"><span style=\"color: #ff0000;\"><strong>\u015eAM (SANA)<\/strong> <\/span>&#8211; D\u0131\u015fi\u015fleri ve Gurbet\u00e7iler Bakan\u0131 Asaad Hasan El \u015eeybani, Alman mevkida\u015f\u0131 Johann Vadebul ile bir telefon g\u00f6r\u00fc\u015fmesi ger\u00e7ekle\u015ftirdi. G\u00f6r\u00fc\u015fmede, iki taraf, g\u00fcncel b\u00f6lgesel konular\u0131 ve iki \u00fclke aras\u0131ndaki ikili ili\u015fkileri ele ald\u0131.<\/p>\n<p style=\"text-align: justify;\">G\u00f6r\u00fc\u015fmenin ba\u015f\u0131nda Bakan El \u015eeybani, Alman mevkida\u015f\u0131n\u0131 yeni g\u00f6revini \u00fcstlenmesinden dolay\u0131 tebrik ederek, Suriye&#8217;nin Almanya ile \u00e7e\u015fitli alanlarda diplomatik i\u015f birli\u011fini g\u00fc\u00e7lendirme arzusunu dile getirdi ve h\u0131zl\u0131 uluslararas\u0131 de\u011fi\u015fimler \u0131\u015f\u0131\u011f\u0131nda iki \u00fclke aras\u0131ndaki ili\u015fkilerin \u00f6nemini vurgulad\u0131.<\/p>\n<p style=\"text-align: justify;\">\u0130ki bakan Orta Do\u011fu&#8217;daki son geli\u015fmeleri g\u00f6r\u00fc\u015f\u00fcrken, Say\u0131n Bakan El \u015eeybani, evlerin y\u0131k\u0131lmas\u0131 ve g\u00fcney Suriye&#8217;deki a\u011fa\u00e7lar\u0131n s\u00f6k\u00fclmesi de dahil olmak \u00fczere \u0130srail&#8217;in Kuneytra&#8217;ya y\u00f6nelik sald\u0131r\u0131lar\u0131n\u0131 k\u0131nad\u0131 ve bunun Suriye egemenli\u011finin a\u00e7\u0131k bir ihlali oldu\u011funu kaydetti.<\/p>\n<p style=\"text-align: justify;\">Alman bakan ise b\u00f6lgede istikrar\u0131n sa\u011flanmas\u0131na katk\u0131da bulunacak diplomatik \u00e7\u00f6z\u00fcmler bulman\u0131n \u00f6nemini vurgulad\u0131.<\/p>\n<p style=\"text-align: justify;\">\u0130kili ili\u015fkileri g\u00fc\u00e7lendirmek i\u00e7in yeni bir ad\u0131mda, iki taraf ayr\u0131ca, ekonomik ve yat\u0131r\u0131m alanlar\u0131nda i\u015f birli\u011fini art\u0131rmay\u0131 ve iki \u00fclke aras\u0131ndaki ticaret al\u0131\u015fveri\u015fi i\u00e7in yeni ufuklar a\u00e7may\u0131 ama\u00e7layan Suriye-Almanya Ekonomik Koordinasyon Konseyi&#8217;ni kurmay\u0131 kabul etti ve Suriye&#8217;deki yeniden yap\u0131lanma ve kalk\u0131nma projelerini destekleme f\u0131rsatlar\u0131 ve Suriye ekonomisinin k\u00fcresel pazarlara kademeli olarak geri d\u00f6nmesini sa\u011flamak i\u00e7in ortak \u00e7abalari g\u00f6r\u00fc\u015ft\u00fc.<\/p>\n<p style=\"text-align: justify;\">\u0130ki taraf ayr\u0131ca, Suriye ile Avrupa Birli\u011fi aras\u0131ndaki ili\u015fkilerin g\u00fc\u00e7lendirilmesinin \u00f6nemini vurgulad\u0131.<\/p>\n<p style=\"text-align: justify;\">Bu konuda Say\u0131n Bakan El \u015eeybani, iki taraf aras\u0131ndaki siyasi ve ekonomik ili\u015fkilerin iyile\u015ftirilmesine katk\u0131da bulunacak \u015eam ile Br\u00fcksel aras\u0131nda diyalog kanallar\u0131 geli\u015ftirme olas\u0131l\u0131\u011f\u0131n\u0131 masaya yat\u0131rd\u0131. Alman bakan ise \u00fclkesinin uluslararas\u0131 ilkelere uygun olarak Suriye-Avrupa i\u015f birli\u011fini g\u00fc\u00e7lendirmeyi ama\u00e7layan diplomatik \u00e7abalar\u0131 desteklemeye haz\u0131r oldu\u011funu ifade etti.<\/p>\n<p style=\"text-align: justify;\">G\u00f6r\u00fc\u015fmenin sonunda iki bakan, her iki \u00fclkenin ortak \u00e7\u0131karlar\u0131n\u0131 ger\u00e7ekle\u015ftirmek ve mevcut zorluklara diplomatik \u00e7\u00f6z\u00fcmler bulmaya katk\u0131da bulunmak i\u00e7in \u00f6n\u00fcm\u00fczdeki d\u00f6nemde ileti\u015fim ve koordinasyonu s\u00fcrd\u00fcrme konusunda anla\u015ft\u0131. Alman D\u0131\u015fi\u015fleri Bakan\u0131 ayr\u0131ca yak\u0131nda \u015eam&#8217;\u0131 ziyaret etme s\u00f6z\u00fc verdi.<\/p>\n","protected":false},"excerpt":{"rendered":"<p>\u015eAM (SANA) &#8211; D\u0131\u015fi\u015fleri ve Gurbet\u00e7iler Bakan\u0131 Asaad Hasan El \u015eeybani, Alman mevkida\u015f\u0131 Johann Vadebul ile bir telefon g\u00f6r\u00fc\u015fmesi ger\u00e7ekle\u015ftirdi. G\u00f6r\u00fc\u015fmede, iki taraf, g\u00fcncel b\u00f6lgesel konular\u0131 ve iki \u00fclke aras\u0131ndaki ikili ili\u015fkileri ele ald\u0131. G\u00f6r\u00fc\u015fmenin ba\u015f\u0131nda Bakan El \u015eeybani, Alman mevkida\u015f\u0131n\u0131 yeni g\u00f6revini \u00fcstlenmesinden dolay\u0131 tebrik ederek, Suriye&#8217;nin Almanya ile \u00e7e\u015fitli alanlarda diplomatik i\u015f birli\u011fini &hellip;<\/p>\n","protected":false},"author":41,"featured_media":323300,"comment_status":"closed","ping_status":"closed","sticky":false,"template":"","format":"standard","meta":{"footnotes":""},"categories":[589,479,17988,478],"tags":[],"class_list":["post-323297","post","type-post","status-publish","format-standard","has-post-thumbnail","","category-haber-seridi","category-haberler-yerel","category-son-haberler","category-yerel"],"_links":{"self":[{"href":"https:\/\/archive.sana.sy\/tr\/index.php?rest_route=\/wp\/v2\/posts\/323297","targetHints":{"allow":["GET"]}}],"collection":[{"href":"https:\/\/archive.sana.sy\/tr\/index.php?rest_route=\/wp\/v2\/posts"}],"about":[{"href":"https:\/\/archive.sana.sy\/tr\/index.php?rest_route=\/wp\/v2\/types\/post"}],"author":[{"embeddable":true,"href":"https:\/\/archive.sana.sy\/tr\/index.php?rest_route=\/wp\/v2\/users\/41"}],"replies":[{"embeddable":true,"href":"https:\/\/archive.sana.sy\/tr\/index.php?rest_route=%2Fwp%2Fv2%2Fcomments&post=323297"}],"version-history":[{"count":1,"href":"https:\/\/archive.sana.sy\/tr\/index.php?rest_route=\/wp\/v2\/posts\/323297\/revisions"}],"predecessor-version":[{"id":323299,"href":"https:\/\/archive.sana.sy\/tr\/index.php?rest_route=\/wp\/v2\/posts\/323297\/revisions\/323299"}],"wp:featuredmedia":[{"embeddable":true,"href":"https:\/\/archive.sana.sy\/tr\/index.php?rest_route=\/wp\/v2\/media\/323300"}],"wp:attachment":[{"href":"https:\/\/archive.sana.sy\/tr\/index.php?rest_route=%2Fwp%2Fv2%2Fmedia&parent=323297"}],"wp:term":[{"taxonomy":"category","embeddable":true,"href":"https:\/\/archive.sana.sy\/tr\/index.php?rest_route=%2Fwp%2Fv2%2Fcategories&post=323297"},{"taxonomy":"post_tag","embeddable":true,"href":"https:\/\/archive.sana.sy\/tr\/index.php?rest_route=%2Fwp%2Fv2%2Ftags&post=323297"}],"curies":[{"name":"wp","href":"https:\/\/api.w.org\/{rel}","templated":true}]}}