{"id":323301,"date":"2025-06-18T08:32:02","date_gmt":"2025-06-18T05:32:02","guid":{"rendered":"https:\/\/sana.sy\/tr\/?p=323301"},"modified":"2025-06-21T10:38:49","modified_gmt":"2025-06-21T07:38:49","slug":"bakan-el-seybani-ve-italyan-mevkidasi-telefon-gorusmesinde-ikili-iliskileri-ve-bolgesel-gelismeleri-ele-aldi","status":"publish","type":"post","link":"https:\/\/archive.sana.sy\/tr\/?p=323301","title":{"rendered":"Bakan El \u015eeybani Ve \u0130talyan Mevkida\u015f\u0131 Telefon G\u00f6r\u00fc\u015fmesinde \u0130kili \u0130li\u015fkileri Ve B\u00f6lgesel Geli\u015fmeleri Ele Ald\u0131"},"content":{"rendered":"<p style=\"text-align: justify;\"><strong><span style=\"color: #ff0000;\">\u015eAM (SANA)<\/span> &#8211;\u00a0 <\/strong>D\u0131\u015fi\u015fleri ve Gurbet\u00e7iler Bakan\u0131 Asaad El \u015eeybani, \u0130talyan D\u0131\u015fi\u015fleri Bakan\u0131 Antonio Tajani&#8217;den bir telefon ald\u0131. G\u00f6r\u00fc\u015fmede iki \u00fclke aras\u0131ndaki ikili ili\u015fkiler ve bunlar\u0131 geli\u015ftirme yollar\u0131 ile Suriye ve b\u00f6lgedeki son geli\u015fmeler ele al\u0131nd\u0131.<\/p>\n<p style=\"text-align: justify;\">Bakan El \u015eeybani, ortak \u00e7\u0131karlara hizmet etmek i\u00e7in iki taraf aras\u0131ndaki diyalog ve isti\u015farenin devam etmesinin \u00f6neminin at\u0131n\u0131 \u00e7izerek, Suriye&#8217;nin dost \u00fclkelerle kar\u015f\u0131l\u0131kl\u0131 sayg\u0131 ve i\u00e7i\u015flerine kar\u0131\u015fmama temelinde dengeli ili\u015fkiler kurma taahh\u00fcd\u00fcn\u00fc vurgulad\u0131.<\/p>\n<p style=\"text-align: justify;\">Bakan Tajani ise \u0130talya&#8217;n\u0131n Suriye&#8217;deki istikrar \u00e7abalar\u0131na deste\u011fini ve \u00fclkesinin insani ve ekonomik y\u00f6nler de dahil olmak \u00fczere kar\u015f\u0131l\u0131kl\u0131 ilgi alanlar\u0131nda Suriye h\u00fck\u00fcmetiyle koordinasyonu s\u00fcrd\u00fcrme konusundaki ilgisini dile getirdi.<\/p>\n<p style=\"text-align: justify;\">D\u0131\u015fi\u015fleri ve Gurbet\u00e7iler Bakanl\u0131\u011f\u0131&#8217;n\u0131n Telegram kanal\u0131 arac\u0131l\u0131\u011f\u0131yla bildirdi\u011fine g\u00f6re, g\u00f6r\u00fc\u015fmede Suriye&#8217;nin egemenli\u011fine ve toprak b\u00fct\u00fcnl\u00fc\u011f\u00fcne sayg\u0131 g\u00f6sterilmesinin \u00f6nemi ve b\u00f6lgede g\u00fcvenlik ve istikrar\u0131n sa\u011flanmas\u0131na katk\u0131da bulunmak i\u00e7in ikili i\u015f birli\u011fi \u00e7er\u00e7evelerinin g\u00fc\u00e7lendirilmesi gerekti\u011fi vurguland\u0131.<\/p>\n","protected":false},"excerpt":{"rendered":"<p>\u015eAM (SANA) &#8211;\u00a0 D\u0131\u015fi\u015fleri ve Gurbet\u00e7iler Bakan\u0131 Asaad El \u015eeybani, \u0130talyan D\u0131\u015fi\u015fleri Bakan\u0131 Antonio Tajani&#8217;den bir telefon ald\u0131. G\u00f6r\u00fc\u015fmede iki \u00fclke aras\u0131ndaki ikili ili\u015fkiler ve bunlar\u0131 geli\u015ftirme yollar\u0131 ile Suriye ve b\u00f6lgedeki son geli\u015fmeler ele al\u0131nd\u0131. Bakan El \u015eeybani, ortak \u00e7\u0131karlara hizmet etmek i\u00e7in iki taraf aras\u0131ndaki diyalog ve isti\u015farenin devam etmesinin \u00f6neminin at\u0131n\u0131 \u00e7izerek, &hellip;<\/p>\n","protected":false},"author":39,"featured_media":323302,"comment_status":"closed","ping_status":"closed","sticky":false,"template":"","format":"standard","meta":{"footnotes":""},"categories":[479,478],"tags":[],"class_list":["post-323301","post","type-post","status-publish","format-standard","has-post-thumbnail","","category-haberler-yerel","category-yerel"],"_links":{"self":[{"href":"https:\/\/archive.sana.sy\/tr\/index.php?rest_route=\/wp\/v2\/posts\/323301","targetHints":{"allow":["GET"]}}],"collection":[{"href":"https:\/\/archive.sana.sy\/tr\/index.php?rest_route=\/wp\/v2\/posts"}],"about":[{"href":"https:\/\/archive.sana.sy\/tr\/index.php?rest_route=\/wp\/v2\/types\/post"}],"author":[{"embeddable":true,"href":"https:\/\/archive.sana.sy\/tr\/index.php?rest_route=\/wp\/v2\/users\/39"}],"replies":[{"embeddable":true,"href":"https:\/\/archive.sana.sy\/tr\/index.php?rest_route=%2Fwp%2Fv2%2Fcomments&post=323301"}],"version-history":[{"count":3,"href":"https:\/\/archive.sana.sy\/tr\/index.php?rest_route=\/wp\/v2\/posts\/323301\/revisions"}],"predecessor-version":[{"id":323444,"href":"https:\/\/archive.sana.sy\/tr\/index.php?rest_route=\/wp\/v2\/posts\/323301\/revisions\/323444"}],"wp:featuredmedia":[{"embeddable":true,"href":"https:\/\/archive.sana.sy\/tr\/index.php?rest_route=\/wp\/v2\/media\/323302"}],"wp:attachment":[{"href":"https:\/\/archive.sana.sy\/tr\/index.php?rest_route=%2Fwp%2Fv2%2Fmedia&parent=323301"}],"wp:term":[{"taxonomy":"category","embeddable":true,"href":"https:\/\/archive.sana.sy\/tr\/index.php?rest_route=%2Fwp%2Fv2%2Fcategories&post=323301"},{"taxonomy":"post_tag","embeddable":true,"href":"https:\/\/archive.sana.sy\/tr\/index.php?rest_route=%2Fwp%2Fv2%2Ftags&post=323301"}],"curies":[{"name":"wp","href":"https:\/\/api.w.org\/{rel}","templated":true}]}}