{"id":323304,"date":"2025-06-18T09:55:15","date_gmt":"2025-06-18T06:55:15","guid":{"rendered":"https:\/\/sana.sy\/tr\/?p=323304"},"modified":"2025-06-18T15:40:18","modified_gmt":"2025-06-18T12:40:18","slug":"katar-suriyenin-uzlasma-ve-hukuk-devleti-insasi-adimlarini-yeniden-memnuniyetle-karsiladi","status":"publish","type":"post","link":"https:\/\/archive.sana.sy\/tr\/?p=323304","title":{"rendered":"Katar, Suriye&#8217;nin Uzla\u015fma ve Hukuk Devleti \u0130n\u015fas\u0131 Ad\u0131mlar\u0131n\u0131 Yeniden Memnuniyetle Kar\u015f\u0131lad\u0131"},"content":{"rendered":"<p style=\"text-align: justify;\"><strong><span style=\"color: #ff0000;\">CENEVRE (SANA)<\/span> &#8211; <\/strong>Katar, Suriyeli yetkililerin ulusal uzla\u015fma ve hukuk devleti ile kurumlar\u0131n in\u015fas\u0131 y\u00f6n\u00fcnde att\u0131\u011f\u0131 ad\u0131mlar\u0131 memnuniyetle kar\u015f\u0131lad\u0131\u011f\u0131n\u0131 yeniledi.<\/p>\n<p style=\"text-align: justify;\">Katar Haber Ajans\u0131&#8217;n\u0131n &#8220;QNA&#8221; aktard\u0131\u011f\u0131na g\u00f6re, bu ifadeler, Katar Devleti&#8217;nin, Birle\u015fmi\u015f Milletler Cenevre Ofisi&#8217;ndeki Daimi Temsilcisi Dr. Hind Abdurrahman El Muftah taraf\u0131ndan okunan bir a\u00e7\u0131klamada yer ald\u0131.<\/p>\n<p style=\"text-align: justify;\">A\u00e7\u0131klamada, Suriye&#8217;nin ulusal uzla\u015f\u0131 ve hukuk devleti ile kurumlar\u0131n in\u015fas\u0131 y\u00f6n\u00fcnde att\u0131\u011f\u0131 olumlu ad\u0131mlar\u0131n memnuniyetle kar\u015f\u0131land\u0131\u011f\u0131 belirtilerek, bunlar\u0131n karde\u015f Suriye halk\u0131n\u0131n insan haklar\u0131n\u0131n korunmas\u0131 ve g\u00fcvenlik ve istikrar\u0131n yeniden sa\u011flanmas\u0131 y\u00f6n\u00fcndeki a\u00e7\u0131k kararl\u0131l\u0131\u011f\u0131 ifade etti\u011fi ifade edildi.<\/p>\n<p style=\"text-align: justify;\">Katar Devleti&#8217;nin a\u00e7\u0131klamas\u0131nda ayr\u0131ca, Suriye&#8217;ye y\u00f6nelik ekonomik yapt\u0131r\u0131mlar\u0131n kald\u0131r\u0131lmas\u0131n\u0131n, Suriye halk\u0131na yard\u0131m sa\u011flanmas\u0131na ve halk\u0131n istikrar ve refaha do\u011fru bir ge\u00e7i\u015f sa\u011flamas\u0131na katk\u0131 sa\u011flayaca\u011f\u0131 vurguland\u0131.<\/p>\n","protected":false},"excerpt":{"rendered":"<p>CENEVRE (SANA) &#8211; Katar, Suriyeli yetkililerin ulusal uzla\u015fma ve hukuk devleti ile kurumlar\u0131n in\u015fas\u0131 y\u00f6n\u00fcnde att\u0131\u011f\u0131 ad\u0131mlar\u0131 memnuniyetle kar\u015f\u0131lad\u0131\u011f\u0131n\u0131 yeniledi. Katar Haber Ajans\u0131&#8217;n\u0131n &#8220;QNA&#8221; aktard\u0131\u011f\u0131na g\u00f6re, bu ifadeler, Katar Devleti&#8217;nin, Birle\u015fmi\u015f Milletler Cenevre Ofisi&#8217;ndeki Daimi Temsilcisi Dr. Hind Abdurrahman El Muftah taraf\u0131ndan okunan bir a\u00e7\u0131klamada yer ald\u0131. A\u00e7\u0131klamada, Suriye&#8217;nin ulusal uzla\u015f\u0131 ve hukuk devleti ile &hellip;<\/p>\n","protected":false},"author":39,"featured_media":323305,"comment_status":"closed","ping_status":"closed","sticky":false,"template":"","format":"standard","meta":{"footnotes":""},"categories":[458,589,459,17988],"tags":[],"class_list":["post-323304","post","type-post","status-publish","format-standard","has-post-thumbnail","","category-dunya1","category-haber-seridi","category-haberler-arap-uluslararasi-politika","category-son-haberler"],"_links":{"self":[{"href":"https:\/\/archive.sana.sy\/tr\/index.php?rest_route=\/wp\/v2\/posts\/323304","targetHints":{"allow":["GET"]}}],"collection":[{"href":"https:\/\/archive.sana.sy\/tr\/index.php?rest_route=\/wp\/v2\/posts"}],"about":[{"href":"https:\/\/archive.sana.sy\/tr\/index.php?rest_route=\/wp\/v2\/types\/post"}],"author":[{"embeddable":true,"href":"https:\/\/archive.sana.sy\/tr\/index.php?rest_route=\/wp\/v2\/users\/39"}],"replies":[{"embeddable":true,"href":"https:\/\/archive.sana.sy\/tr\/index.php?rest_route=%2Fwp%2Fv2%2Fcomments&post=323304"}],"version-history":[{"count":3,"href":"https:\/\/archive.sana.sy\/tr\/index.php?rest_route=\/wp\/v2\/posts\/323304\/revisions"}],"predecessor-version":[{"id":323355,"href":"https:\/\/archive.sana.sy\/tr\/index.php?rest_route=\/wp\/v2\/posts\/323304\/revisions\/323355"}],"wp:featuredmedia":[{"embeddable":true,"href":"https:\/\/archive.sana.sy\/tr\/index.php?rest_route=\/wp\/v2\/media\/323305"}],"wp:attachment":[{"href":"https:\/\/archive.sana.sy\/tr\/index.php?rest_route=%2Fwp%2Fv2%2Fmedia&parent=323304"}],"wp:term":[{"taxonomy":"category","embeddable":true,"href":"https:\/\/archive.sana.sy\/tr\/index.php?rest_route=%2Fwp%2Fv2%2Fcategories&post=323304"},{"taxonomy":"post_tag","embeddable":true,"href":"https:\/\/archive.sana.sy\/tr\/index.php?rest_route=%2Fwp%2Fv2%2Ftags&post=323304"}],"curies":[{"name":"wp","href":"https:\/\/api.w.org\/{rel}","templated":true}]}}