{"id":323307,"date":"2025-06-18T10:13:18","date_gmt":"2025-06-18T07:13:18","guid":{"rendered":"https:\/\/sana.sy\/tr\/?p=323307"},"modified":"2025-06-18T10:20:43","modified_gmt":"2025-06-18T07:20:43","slug":"urdunden-nasib-sinir-kapisindan-62-suriyeli-yerinden-edilmis-aile-geri-dondu","status":"publish","type":"post","link":"https:\/\/archive.sana.sy\/tr\/?p=323307","title":{"rendered":"\u00dcrd\u00fcn&#8217;den Nasib S\u0131n\u0131r Kap\u0131s\u0131 \u00dczerinden 62 Suriyeli Yerinden Edilmi\u015f Aile Geri D\u00f6nd\u00fc"},"content":{"rendered":"<p style=\"text-align: justify;\"><strong>DERA (SANA) &#8211;<\/strong> Suriye ve \u00dcrd\u00fcn&#8217;deki ilgili makamlar\u0131n sa\u011flad\u0131\u011f\u0131 tedbirler ve kolayl\u0131klar sayesinde, 62 Suriyeli yerinden edilmi\u015f aile, Dera&#8217;daki Nasib s\u0131n\u0131r kap\u0131s\u0131ndan \u00dcrd\u00fcn&#8217;den geri d\u00f6nd\u00fc.<\/p>\n<p style=\"text-align: justify;\">Ailelerin naklinden sorumlu olan &#8220;Ferah Vakf\u0131&#8221; temsilcisi Yahya El Rifai, bug\u00fcn \u015eam k\u0131rsal\u0131na ve Humus&#8217;a d\u00f6nen ailelerin toplam 251 ki\u015fiden olu\u015ftu\u011funu ifade etti.<\/p>\n<p style=\"text-align: justify;\">El Rifai, bu kampanyan\u0131n Nasib s\u0131n\u0131r kap\u0131s\u0131 \u00fczerinden ger\u00e7ekle\u015ftirilen d\u00f6rd\u00fcnc\u00fc kampanya oldu\u011funu, daha \u00f6nce 13 kampanyan\u0131n da kuzey Suriye&#8217;de d\u00fczenlendi\u011fini belirterek, vakf\u0131n son yerinden edilmi\u015f Suriyeli vatanda\u015f geri d\u00f6nene kadar \u00e7al\u0131\u015fmalar\u0131na devam edece\u011fini vurgulad\u0131.<\/p>\n<p style=\"text-align: justify;\">Geri d\u00f6nenler ise, devrik rejimin uygulamalar\u0131 nedeniyle uzun y\u0131llar boyunca yerinden edilmenin ac\u0131s\u0131n\u0131 ya\u015fad\u0131ktan sonra vatanlar\u0131na d\u00f6nmenin mutlulu\u011funu ya\u015fad\u0131klar\u0131n\u0131 dile getirdi.<\/p>\n","protected":false},"excerpt":{"rendered":"<p>DERA (SANA) &#8211; Suriye ve \u00dcrd\u00fcn&#8217;deki ilgili makamlar\u0131n sa\u011flad\u0131\u011f\u0131 tedbirler ve kolayl\u0131klar sayesinde, 62 Suriyeli yerinden edilmi\u015f aile, Dera&#8217;daki Nasib s\u0131n\u0131r kap\u0131s\u0131ndan \u00dcrd\u00fcn&#8217;den geri d\u00f6nd\u00fc. Ailelerin naklinden sorumlu olan &#8220;Ferah Vakf\u0131&#8221; temsilcisi Yahya El Rifai, bug\u00fcn \u015eam k\u0131rsal\u0131na ve Humus&#8217;a d\u00f6nen ailelerin toplam 251 ki\u015fiden olu\u015ftu\u011funu ifade etti. El Rifai, bu kampanyan\u0131n Nasib s\u0131n\u0131r kap\u0131s\u0131 &hellip;<\/p>\n","protected":false},"author":39,"featured_media":323308,"comment_status":"closed","ping_status":"closed","sticky":false,"template":"","format":"standard","meta":{"footnotes":""},"categories":[589,479,17988,478],"tags":[],"class_list":["post-323307","post","type-post","status-publish","format-standard","has-post-thumbnail","","category-haber-seridi","category-haberler-yerel","category-son-haberler","category-yerel"],"_links":{"self":[{"href":"https:\/\/archive.sana.sy\/tr\/index.php?rest_route=\/wp\/v2\/posts\/323307","targetHints":{"allow":["GET"]}}],"collection":[{"href":"https:\/\/archive.sana.sy\/tr\/index.php?rest_route=\/wp\/v2\/posts"}],"about":[{"href":"https:\/\/archive.sana.sy\/tr\/index.php?rest_route=\/wp\/v2\/types\/post"}],"author":[{"embeddable":true,"href":"https:\/\/archive.sana.sy\/tr\/index.php?rest_route=\/wp\/v2\/users\/39"}],"replies":[{"embeddable":true,"href":"https:\/\/archive.sana.sy\/tr\/index.php?rest_route=%2Fwp%2Fv2%2Fcomments&post=323307"}],"version-history":[{"count":3,"href":"https:\/\/archive.sana.sy\/tr\/index.php?rest_route=\/wp\/v2\/posts\/323307\/revisions"}],"predecessor-version":[{"id":323311,"href":"https:\/\/archive.sana.sy\/tr\/index.php?rest_route=\/wp\/v2\/posts\/323307\/revisions\/323311"}],"wp:featuredmedia":[{"embeddable":true,"href":"https:\/\/archive.sana.sy\/tr\/index.php?rest_route=\/wp\/v2\/media\/323308"}],"wp:attachment":[{"href":"https:\/\/archive.sana.sy\/tr\/index.php?rest_route=%2Fwp%2Fv2%2Fmedia&parent=323307"}],"wp:term":[{"taxonomy":"category","embeddable":true,"href":"https:\/\/archive.sana.sy\/tr\/index.php?rest_route=%2Fwp%2Fv2%2Fcategories&post=323307"},{"taxonomy":"post_tag","embeddable":true,"href":"https:\/\/archive.sana.sy\/tr\/index.php?rest_route=%2Fwp%2Fv2%2Ftags&post=323307"}],"curies":[{"name":"wp","href":"https:\/\/api.w.org\/{rel}","templated":true}]}}