{"id":323312,"date":"2025-06-18T10:30:10","date_gmt":"2025-06-18T07:30:10","guid":{"rendered":"https:\/\/sana.sy\/tr\/?p=323312"},"modified":"2025-06-18T10:30:10","modified_gmt":"2025-06-18T07:30:10","slug":"abd-sam-buyukelciligi-suriyelilerin-kuzeydogu-suriyedeki-kamplardan-evlerine-gonullu-olarak-donmelerini-saglamaya-kararliyiz","status":"publish","type":"post","link":"https:\/\/archive.sana.sy\/tr\/?p=323312","title":{"rendered":"ABD \u015eam B\u00fcy\u00fckel\u00e7ili\u011fi: Suriyelilerin Kuzeydo\u011fu Suriye&#8217;deki Kamplardan Evlerine G\u00f6n\u00fcll\u00fc Olarak D\u00f6nmelerini Sa\u011flamaya Kararl\u0131y\u0131z"},"content":{"rendered":"<p style=\"text-align: justify;\"><strong>\u015eAM (SANA) &#8211;<\/strong> ABD&#8217;nin \u015eam B\u00fcy\u00fckel\u00e7ili\u011fi, Suriyelilerin Suriye&#8217;nin kuzeydo\u011fusundaki kamplardan g\u00f6n\u00fcll\u00fc olarak evlerine d\u00f6nmelerini sa\u011flama konusundaki kararl\u0131l\u0131\u011f\u0131n\u0131 teyit etti.<\/p>\n<p style=\"text-align: justify;\">B\u00fcy\u00fckel\u00e7ilik, X platformunda yapt\u0131\u011f\u0131 payla\u015f\u0131mda, 42 Suriyeli ailenin bu ay\u0131n 15&#8217;inde ABD&#8217;nin, kamp y\u00f6netimi, yerel yetkililer ve sivil toplum ortaklar\u0131n\u0131n deste\u011fiyle Hol Kamp\u0131&#8217;ndan ayr\u0131larak toplumlar\u0131na d\u00f6nd\u00fc\u011f\u00fcn\u00fc belirtti.<\/p>\n","protected":false},"excerpt":{"rendered":"<p>\u015eAM (SANA) &#8211; ABD&#8217;nin \u015eam B\u00fcy\u00fckel\u00e7ili\u011fi, Suriyelilerin Suriye&#8217;nin kuzeydo\u011fusundaki kamplardan g\u00f6n\u00fcll\u00fc olarak evlerine d\u00f6nmelerini sa\u011flama konusundaki kararl\u0131l\u0131\u011f\u0131n\u0131 teyit etti. B\u00fcy\u00fckel\u00e7ilik, X platformunda yapt\u0131\u011f\u0131 payla\u015f\u0131mda, 42 Suriyeli ailenin bu ay\u0131n 15&#8217;inde ABD&#8217;nin, kamp y\u00f6netimi, yerel yetkililer ve sivil toplum ortaklar\u0131n\u0131n deste\u011fiyle Hol Kamp\u0131&#8217;ndan ayr\u0131larak toplumlar\u0131na d\u00f6nd\u00fc\u011f\u00fcn\u00fc belirtti.<\/p>\n","protected":false},"author":39,"featured_media":323313,"comment_status":"closed","ping_status":"closed","sticky":false,"template":"","format":"standard","meta":{"footnotes":""},"categories":[589,479,17988,478],"tags":[],"class_list":["post-323312","post","type-post","status-publish","format-standard","has-post-thumbnail","","category-haber-seridi","category-haberler-yerel","category-son-haberler","category-yerel"],"_links":{"self":[{"href":"https:\/\/archive.sana.sy\/tr\/index.php?rest_route=\/wp\/v2\/posts\/323312","targetHints":{"allow":["GET"]}}],"collection":[{"href":"https:\/\/archive.sana.sy\/tr\/index.php?rest_route=\/wp\/v2\/posts"}],"about":[{"href":"https:\/\/archive.sana.sy\/tr\/index.php?rest_route=\/wp\/v2\/types\/post"}],"author":[{"embeddable":true,"href":"https:\/\/archive.sana.sy\/tr\/index.php?rest_route=\/wp\/v2\/users\/39"}],"replies":[{"embeddable":true,"href":"https:\/\/archive.sana.sy\/tr\/index.php?rest_route=%2Fwp%2Fv2%2Fcomments&post=323312"}],"version-history":[{"count":1,"href":"https:\/\/archive.sana.sy\/tr\/index.php?rest_route=\/wp\/v2\/posts\/323312\/revisions"}],"predecessor-version":[{"id":323314,"href":"https:\/\/archive.sana.sy\/tr\/index.php?rest_route=\/wp\/v2\/posts\/323312\/revisions\/323314"}],"wp:featuredmedia":[{"embeddable":true,"href":"https:\/\/archive.sana.sy\/tr\/index.php?rest_route=\/wp\/v2\/media\/323313"}],"wp:attachment":[{"href":"https:\/\/archive.sana.sy\/tr\/index.php?rest_route=%2Fwp%2Fv2%2Fmedia&parent=323312"}],"wp:term":[{"taxonomy":"category","embeddable":true,"href":"https:\/\/archive.sana.sy\/tr\/index.php?rest_route=%2Fwp%2Fv2%2Fcategories&post=323312"},{"taxonomy":"post_tag","embeddable":true,"href":"https:\/\/archive.sana.sy\/tr\/index.php?rest_route=%2Fwp%2Fv2%2Ftags&post=323312"}],"curies":[{"name":"wp","href":"https:\/\/api.w.org\/{rel}","templated":true}]}}