{"id":323315,"date":"2025-06-18T10:40:38","date_gmt":"2025-06-18T07:40:38","guid":{"rendered":"https:\/\/sana.sy\/tr\/?p=323315"},"modified":"2025-06-18T15:33:29","modified_gmt":"2025-06-18T12:33:29","slug":"sam-universitesi-dis-hekimligi-ve-medya-fakultelerinden-400-ogrencinin-zafer-sinifi-2024-mezuniyetini-kutladi","status":"publish","type":"post","link":"https:\/\/archive.sana.sy\/tr\/?p=323315","title":{"rendered":"\u015eam \u00dcniversitesi, Di\u015f Hekimli\u011fi ve Medya Fak\u00fcltelerinden 400 \u00d6\u011frencinin &#8220;Zafer S\u0131n\u0131f\u0131 2024&#8221; Mezuniyetini Kutlad\u0131"},"content":{"rendered":"<p style=\"text-align: justify;\"><strong><span style=\"color: #ff0000;\">\u015eAM (SANA)<\/span> &#8211;\u00a0<\/strong>\u015eam \u00dcniversitesi, bu y\u0131l &#8220;Zafer S\u0131n\u0131f\u0131 2024&#8221; ad\u0131n\u0131 ta\u015f\u0131yan Di\u015f Hekimli\u011fi ve Medya Fak\u00fcltelerinden 400 \u00f6\u011frencinin mezuniyet t\u00f6renini d\u00fczenledi.<\/p>\n<p style=\"text-align: justify;\">T\u00f6rene, Y\u00fcksek\u00f6\u011fretim ve Bilimsel Ara\u015ft\u0131rma Bakan\u0131 Dr. Mervan El Halabi ve Cumhurba\u015fkanl\u0131\u011f\u0131 Genel Sekreterli\u011fi&#8217;nden temsilciler kat\u0131ld\u0131. Mezuniyet t\u00f6reni, Mezzeh&#8217;teki \u00fcniversite kamp\u00fcs\u00fcnde ger\u00e7ekle\u015ftirildi.<\/p>\n<div id='gallery-1' class='gallery galleryid-323315 gallery-columns-1 gallery-size-full'><figure class='gallery-item'>\n\t\t\t<div class='gallery-icon landscape'>\n\t\t\t\t<a href='https:\/\/archive.sana.sy\/tr\/wp-content\/uploads\/2025\/06\/photo_2025-06-18_00-49-48-2.jpg'><img loading=\"lazy\" decoding=\"async\" width=\"1280\" height=\"785\" src=\"https:\/\/archive.sana.sy\/tr\/wp-content\/uploads\/2025\/06\/photo_2025-06-18_00-49-48-2.jpg\" class=\"attachment-full size-full\" alt=\"\" srcset=\"https:\/\/archive.sana.sy\/tr\/wp-content\/uploads\/2025\/06\/photo_2025-06-18_00-49-48-2.jpg 1280w, https:\/\/archive.sana.sy\/tr\/wp-content\/uploads\/2025\/06\/photo_2025-06-18_00-49-48-2-300x184.jpg 300w, https:\/\/archive.sana.sy\/tr\/wp-content\/uploads\/2025\/06\/photo_2025-06-18_00-49-48-2-1024x628.jpg 1024w, https:\/\/archive.sana.sy\/tr\/wp-content\/uploads\/2025\/06\/photo_2025-06-18_00-49-48-2-768x471.jpg 768w\" sizes=\"auto, (max-width: 1280px) 100vw, 1280px\" \/><\/a>\n\t\t\t<\/div><\/figure><figure class='gallery-item'>\n\t\t\t<div class='gallery-icon landscape'>\n\t\t\t\t<a href='https:\/\/archive.sana.sy\/tr\/wp-content\/uploads\/2025\/06\/photo_2025-06-18_00-49-48-5.jpg'><img loading=\"lazy\" decoding=\"async\" width=\"1280\" height=\"802\" src=\"https:\/\/archive.sana.sy\/tr\/wp-content\/uploads\/2025\/06\/photo_2025-06-18_00-49-48-5.jpg\" class=\"attachment-full size-full\" alt=\"\" srcset=\"https:\/\/archive.sana.sy\/tr\/wp-content\/uploads\/2025\/06\/photo_2025-06-18_00-49-48-5.jpg 1280w, https:\/\/archive.sana.sy\/tr\/wp-content\/uploads\/2025\/06\/photo_2025-06-18_00-49-48-5-300x188.jpg 300w, https:\/\/archive.sana.sy\/tr\/wp-content\/uploads\/2025\/06\/photo_2025-06-18_00-49-48-5-1024x642.jpg 1024w, https:\/\/archive.sana.sy\/tr\/wp-content\/uploads\/2025\/06\/photo_2025-06-18_00-49-48-5-768x481.jpg 768w\" sizes=\"auto, (max-width: 1280px) 100vw, 1280px\" \/><\/a>\n\t\t\t<\/div><\/figure><figure class='gallery-item'>\n\t\t\t<div class='gallery-icon landscape'>\n\t\t\t\t<a href='https:\/\/archive.sana.sy\/tr\/wp-content\/uploads\/2025\/06\/photo_2025-06-18_00-49-49.jpg'><img loading=\"lazy\" decoding=\"async\" width=\"1280\" height=\"781\" src=\"https:\/\/archive.sana.sy\/tr\/wp-content\/uploads\/2025\/06\/photo_2025-06-18_00-49-49.jpg\" class=\"attachment-full size-full\" alt=\"\" srcset=\"https:\/\/archive.sana.sy\/tr\/wp-content\/uploads\/2025\/06\/photo_2025-06-18_00-49-49.jpg 1280w, https:\/\/archive.sana.sy\/tr\/wp-content\/uploads\/2025\/06\/photo_2025-06-18_00-49-49-300x183.jpg 300w, https:\/\/archive.sana.sy\/tr\/wp-content\/uploads\/2025\/06\/photo_2025-06-18_00-49-49-1024x625.jpg 1024w, https:\/\/archive.sana.sy\/tr\/wp-content\/uploads\/2025\/06\/photo_2025-06-18_00-49-49-768x469.jpg 768w\" sizes=\"auto, (max-width: 1280px) 100vw, 1280px\" \/><\/a>\n\t\t\t<\/div><\/figure><figure class='gallery-item'>\n\t\t\t<div class='gallery-icon landscape'>\n\t\t\t\t<a href='https:\/\/archive.sana.sy\/tr\/wp-content\/uploads\/2025\/06\/photo_2025-06-18_00-49-49-2.jpg'><img loading=\"lazy\" decoding=\"async\" width=\"1280\" height=\"853\" src=\"https:\/\/archive.sana.sy\/tr\/wp-content\/uploads\/2025\/06\/photo_2025-06-18_00-49-49-2.jpg\" class=\"attachment-full size-full\" alt=\"\" srcset=\"https:\/\/archive.sana.sy\/tr\/wp-content\/uploads\/2025\/06\/photo_2025-06-18_00-49-49-2.jpg 1280w, https:\/\/archive.sana.sy\/tr\/wp-content\/uploads\/2025\/06\/photo_2025-06-18_00-49-49-2-300x200.jpg 300w, https:\/\/archive.sana.sy\/tr\/wp-content\/uploads\/2025\/06\/photo_2025-06-18_00-49-49-2-1024x682.jpg 1024w, https:\/\/archive.sana.sy\/tr\/wp-content\/uploads\/2025\/06\/photo_2025-06-18_00-49-49-2-768x512.jpg 768w\" sizes=\"auto, (max-width: 1280px) 100vw, 1280px\" \/><\/a>\n\t\t\t<\/div><\/figure><figure class='gallery-item'>\n\t\t\t<div class='gallery-icon landscape'>\n\t\t\t\t<a href='https:\/\/archive.sana.sy\/tr\/wp-content\/uploads\/2025\/06\/photo_2025-06-18_00-49-49-3.jpg'><img loading=\"lazy\" decoding=\"async\" width=\"1280\" height=\"732\" src=\"https:\/\/archive.sana.sy\/tr\/wp-content\/uploads\/2025\/06\/photo_2025-06-18_00-49-49-3.jpg\" class=\"attachment-full size-full\" alt=\"\" srcset=\"https:\/\/archive.sana.sy\/tr\/wp-content\/uploads\/2025\/06\/photo_2025-06-18_00-49-49-3.jpg 1280w, https:\/\/archive.sana.sy\/tr\/wp-content\/uploads\/2025\/06\/photo_2025-06-18_00-49-49-3-300x172.jpg 300w, https:\/\/archive.sana.sy\/tr\/wp-content\/uploads\/2025\/06\/photo_2025-06-18_00-49-49-3-1024x586.jpg 1024w, https:\/\/archive.sana.sy\/tr\/wp-content\/uploads\/2025\/06\/photo_2025-06-18_00-49-49-3-768x439.jpg 768w\" sizes=\"auto, (max-width: 1280px) 100vw, 1280px\" \/><\/a>\n\t\t\t<\/div><\/figure><figure class='gallery-item'>\n\t\t\t<div class='gallery-icon landscape'>\n\t\t\t\t<a href='https:\/\/archive.sana.sy\/tr\/wp-content\/uploads\/2025\/06\/photo_2025-06-18_00-49-49-4.jpg'><img loading=\"lazy\" decoding=\"async\" width=\"1280\" height=\"701\" src=\"https:\/\/archive.sana.sy\/tr\/wp-content\/uploads\/2025\/06\/photo_2025-06-18_00-49-49-4.jpg\" class=\"attachment-full size-full\" alt=\"\" srcset=\"https:\/\/archive.sana.sy\/tr\/wp-content\/uploads\/2025\/06\/photo_2025-06-18_00-49-49-4.jpg 1280w, https:\/\/archive.sana.sy\/tr\/wp-content\/uploads\/2025\/06\/photo_2025-06-18_00-49-49-4-300x164.jpg 300w, https:\/\/archive.sana.sy\/tr\/wp-content\/uploads\/2025\/06\/photo_2025-06-18_00-49-49-4-1024x561.jpg 1024w, https:\/\/archive.sana.sy\/tr\/wp-content\/uploads\/2025\/06\/photo_2025-06-18_00-49-49-4-768x421.jpg 768w\" sizes=\"auto, (max-width: 1280px) 100vw, 1280px\" \/><\/a>\n\t\t\t<\/div><\/figure><figure class='gallery-item'>\n\t\t\t<div class='gallery-icon landscape'>\n\t\t\t\t<a href='https:\/\/archive.sana.sy\/tr\/wp-content\/uploads\/2025\/06\/photo_2025-06-18_00-49-49-5.jpg'><img loading=\"lazy\" decoding=\"async\" width=\"1280\" height=\"814\" src=\"https:\/\/archive.sana.sy\/tr\/wp-content\/uploads\/2025\/06\/photo_2025-06-18_00-49-49-5.jpg\" class=\"attachment-full size-full\" alt=\"\" srcset=\"https:\/\/archive.sana.sy\/tr\/wp-content\/uploads\/2025\/06\/photo_2025-06-18_00-49-49-5.jpg 1280w, https:\/\/archive.sana.sy\/tr\/wp-content\/uploads\/2025\/06\/photo_2025-06-18_00-49-49-5-300x191.jpg 300w, https:\/\/archive.sana.sy\/tr\/wp-content\/uploads\/2025\/06\/photo_2025-06-18_00-49-49-5-1024x651.jpg 1024w, https:\/\/archive.sana.sy\/tr\/wp-content\/uploads\/2025\/06\/photo_2025-06-18_00-49-49-5-768x488.jpg 768w\" sizes=\"auto, (max-width: 1280px) 100vw, 1280px\" \/><\/a>\n\t\t\t<\/div><\/figure>\n\t\t<\/div>\n\n","protected":false},"excerpt":{"rendered":"<p>\u015eAM (SANA) &#8211;\u00a0\u015eam \u00dcniversitesi, bu y\u0131l &#8220;Zafer S\u0131n\u0131f\u0131 2024&#8221; ad\u0131n\u0131 ta\u015f\u0131yan Di\u015f Hekimli\u011fi ve Medya Fak\u00fcltelerinden 400 \u00f6\u011frencinin mezuniyet t\u00f6renini d\u00fczenledi. T\u00f6rene, Y\u00fcksek\u00f6\u011fretim ve Bilimsel Ara\u015ft\u0131rma Bakan\u0131 Dr. Mervan El Halabi ve Cumhurba\u015fkanl\u0131\u011f\u0131 Genel Sekreterli\u011fi&#8217;nden temsilciler kat\u0131ld\u0131. Mezuniyet t\u00f6reni, Mezzeh&#8217;teki \u00fcniversite kamp\u00fcs\u00fcnde ger\u00e7ekle\u015ftirildi.<\/p>\n","protected":false},"author":39,"featured_media":323316,"comment_status":"closed","ping_status":"closed","sticky":false,"template":"","format":"standard","meta":{"footnotes":""},"categories":[589,479,17988,478],"tags":[],"class_list":["post-323315","post","type-post","status-publish","format-standard","has-post-thumbnail","","category-haber-seridi","category-haberler-yerel","category-son-haberler","category-yerel"],"_links":{"self":[{"href":"https:\/\/archive.sana.sy\/tr\/index.php?rest_route=\/wp\/v2\/posts\/323315","targetHints":{"allow":["GET"]}}],"collection":[{"href":"https:\/\/archive.sana.sy\/tr\/index.php?rest_route=\/wp\/v2\/posts"}],"about":[{"href":"https:\/\/archive.sana.sy\/tr\/index.php?rest_route=\/wp\/v2\/types\/post"}],"author":[{"embeddable":true,"href":"https:\/\/archive.sana.sy\/tr\/index.php?rest_route=\/wp\/v2\/users\/39"}],"replies":[{"embeddable":true,"href":"https:\/\/archive.sana.sy\/tr\/index.php?rest_route=%2Fwp%2Fv2%2Fcomments&post=323315"}],"version-history":[{"count":3,"href":"https:\/\/archive.sana.sy\/tr\/index.php?rest_route=\/wp\/v2\/posts\/323315\/revisions"}],"predecessor-version":[{"id":323350,"href":"https:\/\/archive.sana.sy\/tr\/index.php?rest_route=\/wp\/v2\/posts\/323315\/revisions\/323350"}],"wp:featuredmedia":[{"embeddable":true,"href":"https:\/\/archive.sana.sy\/tr\/index.php?rest_route=\/wp\/v2\/media\/323316"}],"wp:attachment":[{"href":"https:\/\/archive.sana.sy\/tr\/index.php?rest_route=%2Fwp%2Fv2%2Fmedia&parent=323315"}],"wp:term":[{"taxonomy":"category","embeddable":true,"href":"https:\/\/archive.sana.sy\/tr\/index.php?rest_route=%2Fwp%2Fv2%2Fcategories&post=323315"},{"taxonomy":"post_tag","embeddable":true,"href":"https:\/\/archive.sana.sy\/tr\/index.php?rest_route=%2Fwp%2Fv2%2Ftags&post=323315"}],"curies":[{"name":"wp","href":"https:\/\/api.w.org\/{rel}","templated":true}]}}